{"id":39030,"date":"2024-03-11T16:53:51","date_gmt":"2024-03-11T14:53:51","guid":{"rendered":"https:\/\/hadnews.com\/ro\/?p=39030"},"modified":"2024-03-11T16:53:51","modified_gmt":"2024-03-11T14:53:51","slug":"creierul-uman-este-programat-sa-genereze-emotii","status":"publish","type":"post","link":"https:\/\/hadnews.com\/ro\/creierul-uman-este-programat-sa-genereze-emotii\/","title":{"rendered":"Creierul uman este programat s\u0103 genereze emo\u021bii"},"content":{"rendered":"\n<div>\n<ul>\n<li><strong>Creierul uman este programat s\u0103 genereze emo\u021bii indiferent de ac\u021biunile din jurul nostru.<\/strong><\/li>\n<li><strong><em>\u201eEmo\u021bia \u0219i percep\u021bia sunt profund interconectate<\/em>\u201d.<\/strong><\/li>\n<li><strong>La studiu au participat 50 de voluntari c\u0103rora le-a fost urm\u0103rit\u0103 activitatea cerebral\u0103 cu ajutorul RMN-ului.<\/strong><\/li>\n<\/ul>\n<p>C\u00e2t de mult depind emo\u021biile noastre de sim\u021buri? Reac\u021bioneaz\u0103 creierul \u0219i corpul nostru \u00een acela\u0219i mod atunci c\u00e2nd suntem expu\u0219i la diverse ac\u021biuni? Cercet\u0103torii au dezv\u0103luit noi <a rel=\"nofollow noopener\" target=\"_blank\" href=\"https:\/\/alephnews.ro\/business\/la-ce-sa-fii-atent-cand-iei-informatii-din-social-media-analist-trebuie-sa-luam-sfaturile-din-canalele-consacrate-si-sigure\/\">informa\u021bii <\/a>despre rela\u021bia complex\u0103 dintre emo\u021bie \u0219i percep\u021bie.<\/p>\n<p>Noul proiect investigheaz\u0103 dac\u0103 \u00eentr-adev\u0103r creierul nostru folose\u0219te coduri senzoriale specifice sau coduri abstracte pentru a construi experien\u021bele noastre emo\u021bionale. <em>\u201eEmo\u021bia \u0219i percep\u021bia sunt profund interconectate, \u00eens\u0103 mecanismele exacte prin care creierul reprezint\u0103 instan\u021bele emo\u021bionale au r\u0103mas evazive\u201d<\/em> spune un psiholog celebru.<\/p>\n<p>La studiu au participat 50 de voluntari c\u0103rora le-a fost urm\u0103rit\u0103 activitatea cerebral\u0103 cu ajutorul RMN-ului, asta, \u00een timp ce urm\u0103reau filmul 101 Dalma\u021bieni. Printre ace\u0219tia s-au aflat chiar \u0219i persoane cu deficien\u021be de auz sau deficien\u021be de vedere. <a rel=\"nofollow noopener\" target=\"_blank\" href=\"https:\/\/alephnews.ro\/educatie\/rezultatele-slabe-de-la-evaluarea-nationala-au-starnit-numeroase-reactii-bogdan-ratiu-profesorii-si-parintii-ar-trebui-sa-analizeze-in-detaliu-modurile-in-care-raspund-elevii\/\">Rezultatele <\/a>arat\u0103 c\u0103 de\u0219i suntem tenta\u021bi s\u0103&#8230;<\/p>\n<\/div>\n<p><i>Citeste tot articolul: <a href=\"https:\/\/alephnews.ro\/stiinta\/creierul-uman-este-programat-sa-genereze-emotii-care-sunt-legaturile-dintre-acestea-si-simturi\/\" target=\"_blank\" rel=\"noopener\">Creierul uman este programat s\u0103 genereze emo\u021bii<\/a><\/i><\/p>\n<p> <img src=https:\/\/media.alephnews.ro\/2024\/03\/maxresdefault-2.jpg> <\/p>\n<p><i>Articolul &#8220;Creierul uman este programat s\u0103 genereze emo\u021bii&#8221; al autorului Enache Ioana a fost publicat pe 10\/03\/2024 de <a href=\"https:\/\/alephnews.ro\/stiinta\/creierul-uman-este-programat-sa-genereze-emotii-care-sunt-legaturile-dintre-acestea-si-simturi\/\" target=\"_blank\" rel=\"noopener\">alephnews.ro<\/a><\/i><\/p>\n","protected":false},"excerpt":{"rendered":"<p>Creierul uman este programat s\u0103 genereze emo\u021bii indiferent de ac\u021biunile din jurul nostru. \u201eEmo\u021bia \u0219i percep\u021bia sunt profund interconectate\u201d. La studiu au participat 50 de voluntari c\u0103rora le-a fost urm\u0103rit\u0103 activitatea cerebral\u0103 cu ajutorul RMN-ului. C\u00e2t de&#8230;<\/p>\n","protected":false},"author":54,"featured_media":39031,"comment_status":"closed","ping_status":"open","sticky":false,"template":"","format":"standard","meta":{"footnotes":""},"categories":[3201],"tags":[6282],"class_list":{"0":"post-39030","1":"post","2":"type-post","3":"status-publish","4":"format-standard","5":"has-post-thumbnail","7":"category-stiinta","8":"tag-creier"},"_links":{"self":[{"href":"https:\/\/hadnews.com\/ro\/wp-json\/wp\/v2\/posts\/39030","targetHints":{"allow":["GET"]}}],"collection":[{"href":"https:\/\/hadnews.com\/ro\/wp-json\/wp\/v2\/posts"}],"about":[{"href":"https:\/\/hadnews.com\/ro\/wp-json\/wp\/v2\/types\/post"}],"author":[{"embeddable":true,"href":"https:\/\/hadnews.com\/ro\/wp-json\/wp\/v2\/users\/54"}],"replies":[{"embeddable":true,"href":"https:\/\/hadnews.com\/ro\/wp-json\/wp\/v2\/comments?post=39030"}],"version-history":[{"count":0,"href":"https:\/\/hadnews.com\/ro\/wp-json\/wp\/v2\/posts\/39030\/revisions"}],"wp:featuredmedia":[{"embeddable":true,"href":"https:\/\/hadnews.com\/ro\/wp-json\/wp\/v2\/media\/39031"}],"wp:attachment":[{"href":"https:\/\/hadnews.com\/ro\/wp-json\/wp\/v2\/media?parent=39030"}],"wp:term":[{"taxonomy":"category","embeddable":true,"href":"https:\/\/hadnews.com\/ro\/wp-json\/wp\/v2\/categories?post=39030"},{"taxonomy":"post_tag","embeddable":true,"href":"https:\/\/hadnews.com\/ro\/wp-json\/wp\/v2\/tags?post=39030"}],"curies":[{"name":"wp","href":"https:\/\/api.w.org\/{rel}","templated":true}]}}