{"id":40389,"date":"2024-03-17T00:28:17","date_gmt":"2024-03-16T22:28:17","guid":{"rendered":"https:\/\/hadnews.com\/ro\/?p=40389"},"modified":"2024-03-17T00:28:17","modified_gmt":"2024-03-16T22:28:17","slug":"ce-spune-chatgpt-despre-abilitatile-cognitive-ale-lui-joe-biden","status":"publish","type":"post","link":"https:\/\/hadnews.com\/ro\/ce-spune-chatgpt-despre-abilitatile-cognitive-ale-lui-joe-biden\/","title":{"rendered":"Ce spune ChatGPT despre abilit\u0103\u021bile cognitive ale lui Joe Biden?"},"content":{"rendered":"\n<div>\n<ul>\n<li><strong>Acuitatea mental\u0103 a pre\u0219edintelui de 81 de ani a revenit \u00een centrul aten\u021biei dup\u0103 ce avocatul special Robert Hur a investigat modul \u00een care Biden a gestionat documentele clasificate.<\/strong><\/li>\n<li><strong>\u00cen ceea ce prive\u0219te memoria lui Biden, ChatGPT a constatat c\u0103 acesta a dat dovad\u0103 de memorie prin descrierea interac\u021biunilor.<\/strong><\/li>\n<li><strong>ChatGPT a spus c\u0103 pre\u0219edintele \u0219i-a demonstrat abilitatea de a <em>\u201e<\/em>procesa informa\u021bii\u201d \u0219i de a se <em>\u201e<\/em>angaja \u00een discu\u021bii complexe\u201d.<\/strong><\/li>\n<\/ul>\n<p>Abilit\u0103\u021bile cognitive ale pre\u0219edintelui Joe Biden ar putea fi mai bune dec\u00e2t spun unii \u2013 cel pu\u021bin potrivit a doi chatbo\u021bi cu inteligen\u021b\u0103 artificial\u0103.<\/p>\n<p>Acuitatea mental\u0103 a pre\u0219edintelui de 81 de ani a revenit \u00een centrul aten\u021biei dup\u0103 ce avocatul special Robert Hur a investigat modul \u00een care Biden a gestionat documentele clasificate. Hur a recomandat \u00een cele din urm\u0103, \u00een februarie, s\u0103 nu fie formulate acuza\u021bii, \u00een parte pentru c\u0103 pre\u0219edintele este un <em>\u201e<\/em>om \u00een v\u00e2rst\u0103 cu o memorie slab\u0103\u201d care ar st\u00e2rni simpatia juriului. Un factor care a jucat \u00een raport a fost faptul c\u0103 Biden a uitat c\u00e2nd a fost vicepre\u0219edinte \u0219i c\u00e2nd a murit fiul s\u0103u Beau.<\/p>\n<p>Pentru a ob\u021bine c\u00e2teva opinii suplimentare, <a rel=\"nofollow noopener\" target=\"_blank\" href=\"https:\/\/www.businessinsider.com\/chatgpt-assessed-joe-biden-hur-transcript-says-president-sounds-fine-2024-3\">Business Insider<\/a> a \u00eenc\u0103rcat transcrierea \u00een ChatGPT de la OpenAI \u0219i \u00een Claude Pro de la Anthropic. Folosind acelea\u0219i indica\u021bii, au cerut acestora s\u0103 evalueze abilit\u0103\u021bile cognitive ale lui Biden \u0219i problemele legate de v\u00e2rst\u0103 pe baza unor factori precum claritatea g\u00e2ndirii, coeren\u021ba, utilizarea&#8230;<\/p>\n<\/div>\n<p><i>Citeste tot articolul: <a href=\"https:\/\/alephnews.ro\/tehnologie\/ce-spune-chatgpt-despre-abilitatile-cognitive-ale-lui-joe-biden-presedintele-si-ar-fi-demonstrat-capacitatea-de-a-procesa-informatii\/\" target=\"_blank\" rel=\"noopener\">Ce spune ChatGPT despre abilit\u0103\u021bile cognitive ale lui Joe Biden?<\/a><\/i><\/p>\n<p> <img src=https:\/\/media.alephnews.ro\/2024\/03\/biden-1.jpg> <\/p>\n<p><i>Articolul &#8220;Ce spune ChatGPT despre abilit\u0103\u021bile cognitive ale lui Joe Biden?&#8221; al autorului Diana Nechita a fost publicat pe 16\/03\/2024 de <a href=\"https:\/\/alephnews.ro\/tehnologie\/ce-spune-chatgpt-despre-abilitatile-cognitive-ale-lui-joe-biden-presedintele-si-ar-fi-demonstrat-capacitatea-de-a-procesa-informatii\/\" target=\"_blank\" rel=\"noopener\">alephnews.ro<\/a><\/i><\/p>\n","protected":false},"excerpt":{"rendered":"<p>Acuitatea mental\u0103 a pre\u0219edintelui de 81 de ani a revenit \u00een centrul aten\u021biei dup\u0103 ce avocatul special Robert Hur a investigat modul \u00een care Biden a gestionat documentele clasificate. \u00cen ceea ce prive\u0219te memoria lui Biden, ChatGPT a constatat c\u0103 acesta a dat&#8230;<\/p>\n","protected":false},"author":54,"featured_media":40390,"comment_status":"closed","ping_status":"open","sticky":false,"template":"","format":"standard","meta":{"footnotes":""},"categories":[3161],"tags":[2691,4421,20293],"class_list":{"0":"post-40389","1":"post","2":"type-post","3":"status-publish","4":"format-standard","5":"has-post-thumbnail","7":"category-tehnologie","8":"tag-chatgpt","9":"tag-joe-biden","10":"tag-memorie"},"_links":{"self":[{"href":"https:\/\/hadnews.com\/ro\/wp-json\/wp\/v2\/posts\/40389","targetHints":{"allow":["GET"]}}],"collection":[{"href":"https:\/\/hadnews.com\/ro\/wp-json\/wp\/v2\/posts"}],"about":[{"href":"https:\/\/hadnews.com\/ro\/wp-json\/wp\/v2\/types\/post"}],"author":[{"embeddable":true,"href":"https:\/\/hadnews.com\/ro\/wp-json\/wp\/v2\/users\/54"}],"replies":[{"embeddable":true,"href":"https:\/\/hadnews.com\/ro\/wp-json\/wp\/v2\/comments?post=40389"}],"version-history":[{"count":0,"href":"https:\/\/hadnews.com\/ro\/wp-json\/wp\/v2\/posts\/40389\/revisions"}],"wp:featuredmedia":[{"embeddable":true,"href":"https:\/\/hadnews.com\/ro\/wp-json\/wp\/v2\/media\/40390"}],"wp:attachment":[{"href":"https:\/\/hadnews.com\/ro\/wp-json\/wp\/v2\/media?parent=40389"}],"wp:term":[{"taxonomy":"category","embeddable":true,"href":"https:\/\/hadnews.com\/ro\/wp-json\/wp\/v2\/categories?post=40389"},{"taxonomy":"post_tag","embeddable":true,"href":"https:\/\/hadnews.com\/ro\/wp-json\/wp\/v2\/tags?post=40389"}],"curies":[{"name":"wp","href":"https:\/\/api.w.org\/{rel}","templated":true}]}}