{"id":44995,"date":"2024-04-05T21:47:18","date_gmt":"2024-04-05T19:47:18","guid":{"rendered":"https:\/\/hadnews.com\/ro\/?p=44995"},"modified":"2024-04-05T21:47:18","modified_gmt":"2024-04-05T19:47:18","slug":"masini-electrice-sunt-viitorul-romaniei","status":"publish","type":"post","link":"https:\/\/hadnews.com\/ro\/masini-electrice-sunt-viitorul-romaniei\/","title":{"rendered":"Ma\u0219ini electrice sunt viitorul Rom\u00e2niei"},"content":{"rendered":"\n<div>\n<ul>\n<li><strong>Norvegia este prima \u021bar\u0103 care are mai multe ma\u0219ini electrice dec\u00e2t ma\u0219ini pe carburant.<\/strong><\/li>\n<li><strong>Tranzi\u021bia Norvegiei a fost costisitoare \u0219i a fost nevoie de multe sta\u021bii de alimentare.<\/strong><\/li>\n<li><strong>Norvegia vrea s\u0103 devin\u0103 prima \u021bar\u0103 care s\u0103 interzic\u0103 produc\u021bia de ma\u0219ini pe carburant.<\/strong><\/li>\n<\/ul>\n<p>Norvegia este prima \u021bar\u0103 din lume unde <a rel=\"nofollow noopener\" target=\"_blank\" href=\"https:\/\/alephnews.ro\/sport\/tricoul-cu-numarul-44-al-echipei-de-fotbal-a-germaniei-a-fost-retras-deoarece-seamana-cu-un-simbol-nazist\/\">num\u0103rul<\/a> ma\u0219inilor electrice dep\u0103\u0219e\u0219te num\u0103rul ma\u0219inilor pe carburant. Vehiculele electrice alimentate pe baterii reprezint\u0103 24,3% din cele 2,9 milioane de ma\u0219ini, fa\u021b\u0103 de 26,9% \u00een cazul ma\u0219inilor alimentate pe benzin\u0103. Norvegienii si-au propus s\u0103 devin\u0103 prima na\u021biune care s\u0103 interzic\u0103 v\u00e2nzarea de ma\u0219ini noi pe benzin\u0103 \u0219i diesel p\u00e2n\u0103 \u00een <a rel=\"nofollow noopener\" target=\"_blank\" href=\"https:\/\/alephnews.ro\/business\/nu-scapi-de-cresteri-de-taxe-unii-dintre-cei-mai-cunoscuti-economisti-din-romania-cred-ca-guvernul-va-majora-mai-multe-taxe-din-2025\/\">2025<\/a>.<\/p>\n<h2 class=\"wp-block-heading\" id=\"h-este-posibil-sa-se-interzica-produc\u021bia-de-ma\u0219ini-pe-carburant-in-europa-in-urmatorii-10-ani\">Este posibil s\u0103 se interzic\u0103 produc\u021bia de ma\u0219ini pe carburant \u00een Europa, \u00een urm\u0103torii 10 ani?<\/h2>\n<p><em>\u201eVrem sau nu vrem, acest lucru se va \u00eent\u00e2mpla. Deja trecerea la electromobilitate este o lege \u00een Europa. Astfel, la finalul lui 2034 vom fi \u00een situa\u021bia \u00een care vom putea cump\u0103ra ultimele ma\u0219ini pe combustie din istoria Europei. Ele vor r\u0103m\u00e2ne \u00een circula\u021bie c\u00e2\u021biva ani \u0219i va fi o schimbare natural\u0103. Dincolo de faptul c\u0103 aceasta este legea, ca produc\u0103torii auto s\u0103 se conformeze la aceast\u0103 lege \u00een vigoare, ei au fost nevoi\u021bi s\u0103 ia decizii \u0219i m\u0103suri \u00eenc\u0103 de acum. Investi\u021biile \u00een tehnologia nou\u0103 se fac.<\/em><\/p>\n<p><em>Ceea ce vedem \u00een Norvegia este un exemplu c\u0103 se poate. Ma\u0219inile electrice vor ajunge s\u0103 fie mai accesibile la pre\u021b p\u00e2n\u0103 \u00een 2034\u201d<\/em>, a declarat Adrian Mitrea, jurnalist&#8230;<\/p>\n<\/div>\n<p><i>Citeste tot articolul: <a href=\"https:\/\/alephnews.ro\/business\/masinile-electrice-sunt-viitorul-romaniei-jurnalist-auto-la-finalul-lui-2034-vom-fi-in-situatia-in-care-vom-putea-cumpara-ultimele-autovehicule-pe-combustie-din-istoria-europei\/\" target=\"_blank\" rel=\"noopener\">Ma\u0219ini electrice sunt viitorul Rom\u00e2niei<\/a><\/i><\/p>\n<p> <img src=https:\/\/media.alephnews.ro\/2024\/04\/All-About-Bi-Directional-Charging-In-Electric-Vehicles-A-07-02-1024x640-1.jpg> <\/p>\n<p><i>Articolul &#8220;Ma\u0219ini electrice sunt viitorul Rom\u00e2niei&#8221; al autorului Lupea Briana a fost publicat pe 05\/04\/2024 de <a href=\"https:\/\/alephnews.ro\/business\/masinile-electrice-sunt-viitorul-romaniei-jurnalist-auto-la-finalul-lui-2034-vom-fi-in-situatia-in-care-vom-putea-cumpara-ultimele-autovehicule-pe-combustie-din-istoria-europei\/\" target=\"_blank\" rel=\"noopener\">alephnews.ro<\/a><\/i><\/p>\n","protected":false},"excerpt":{"rendered":"<p>Norvegia este prima \u021bar\u0103 care are mai multe ma\u0219ini electrice dec\u00e2t ma\u0219ini pe carburant. Tranzi\u021bia Norvegiei a fost costisitoare \u0219i a fost nevoie de multe sta\u021bii de alimentare. Norvegia vrea s\u0103 devin\u0103 prima \u021bar\u0103 care s\u0103 interzic\u0103 produc\u021bia de ma\u0219ini pe&#8230;<\/p>\n","protected":false},"author":54,"featured_media":44996,"comment_status":"closed","ping_status":"open","sticky":false,"template":"","format":"standard","meta":{"footnotes":""},"categories":[3049],"tags":[2499,16437],"class_list":{"0":"post-44995","1":"post","2":"type-post","3":"status-publish","4":"format-standard","5":"has-post-thumbnail","7":"category-business","8":"tag-masini-electrice","9":"tag-norvegia"},"_links":{"self":[{"href":"https:\/\/hadnews.com\/ro\/wp-json\/wp\/v2\/posts\/44995","targetHints":{"allow":["GET"]}}],"collection":[{"href":"https:\/\/hadnews.com\/ro\/wp-json\/wp\/v2\/posts"}],"about":[{"href":"https:\/\/hadnews.com\/ro\/wp-json\/wp\/v2\/types\/post"}],"author":[{"embeddable":true,"href":"https:\/\/hadnews.com\/ro\/wp-json\/wp\/v2\/users\/54"}],"replies":[{"embeddable":true,"href":"https:\/\/hadnews.com\/ro\/wp-json\/wp\/v2\/comments?post=44995"}],"version-history":[{"count":0,"href":"https:\/\/hadnews.com\/ro\/wp-json\/wp\/v2\/posts\/44995\/revisions"}],"wp:featuredmedia":[{"embeddable":true,"href":"https:\/\/hadnews.com\/ro\/wp-json\/wp\/v2\/media\/44996"}],"wp:attachment":[{"href":"https:\/\/hadnews.com\/ro\/wp-json\/wp\/v2\/media?parent=44995"}],"wp:term":[{"taxonomy":"category","embeddable":true,"href":"https:\/\/hadnews.com\/ro\/wp-json\/wp\/v2\/categories?post=44995"},{"taxonomy":"post_tag","embeddable":true,"href":"https:\/\/hadnews.com\/ro\/wp-json\/wp\/v2\/tags?post=44995"}],"curies":[{"name":"wp","href":"https:\/\/api.w.org\/{rel}","templated":true}]}}