{"id":69252,"date":"2024-08-02T11:37:13","date_gmt":"2024-08-02T09:37:13","guid":{"rendered":"https:\/\/hadnews.com\/ro\/graphic-works-on-the-olt-valley\/"},"modified":"2024-08-02T11:37:13","modified_gmt":"2024-08-02T09:37:13","slug":"graphic-works-on-the-olt-valley","status":"publish","type":"post","link":"https:\/\/hadnews.com\/ro\/graphic-works-on-the-olt-valley\/","title":{"rendered":"Graphic Works on the Olt Valley"},"content":{"rendered":"<p>Lucr\u0103rile continu\u0103 pe Valea Oltului pentru autostrada Sibiu-Pite\u0219ti, iar \u0219oferii vor mai avea de a\u0219teptat o s\u0103pt\u0103m\u00e2n\u0103 p\u00e2n\u0103 c\u00e2nd vor putea circula \u00een siguran\u021b\u0103 pe aceast\u0103 rut\u0103. Premierul, ministrul Transporturilor \u0219i directorul Companiei Na\u021bionale de Drumuri au inspectat stadiul lucr\u0103rilor \u0219i au declarat c\u0103 se fac eforturi pentru ca redeschiderea circula\u021biei s\u0103 se desf\u0103\u0219oare \u00een condi\u021bii optime.<\/p>\n<p>Constructorul autostr\u0103zii a avut o lun\u0103 la dispozi\u021bie pentru a preg\u0103ti \u0219antierul pentru lotul 2 Boi\u021ba \u2013 Cornetu, lucru care a implicat defri\u0219area a 20000 de arbori \u0219i construirea a 8 km de drum forestier. Plase \u0219i parape\u021bi au fost monta\u021bi pe Valea Oltului pentru a asigura siguran\u021ba \u0219oferilor dup\u0103 redeschiderea circula\u021biei.<\/p>\n<p>Premierul a subliniat importan\u021ba acestei autostr\u0103zi, descris\u0103 drept cea mai complex\u0103 lucrare de infrastructur\u0103 post-decembrist\u0103, care va servi ca preg\u0103tire pentru proiectul \u0219i mai ambi\u021bios Comarnic &#8211; Bra\u0219ov. Proiectarea autostr\u0103zii este planificat\u0103 s\u0103 fie finalizat\u0103 p\u00e2n\u0103 la sf\u00e2r\u0219itul acestui an, iar autorit\u0103\u021bile au asigurat c\u0103 vor continua s\u0103 monitorizeze lucr\u0103rile pentru a asigura un standard ridicat de calitate \u0219i siguran\u021b\u0103 pentru to\u021bi participan\u021bii la trafic.<\/p>\n<p><\/p>\n<div class=\"video-container\">\n    <iframe class=\"video\" src=\"https:\/\/www.youtube.com\/embed\/IHmLvReyC6U\" allowfullscreen><\/iframe>\n<\/div>\n<p><i>Video &#8220;LUCR\u0102RI \u00ceN GRAFIC PE VALEA OLTULUI\u201d a fost \u00eenc\u0103rcat pe 01\/08\/2024 pe canalul YouTube <a href=\"https:\/\/www.youtube.com\/channel\/UCr0bjXDk71i5-47jNml1zEw\" target=\"_blank\" rel=\"noopener\"> TVR Craiova <\/a><\/i><\/p>\n","protected":false},"excerpt":{"rendered":"<p>Lucr\u0103rile continu\u0103 pe Valea Oltului pentru autostrada Sibiu-Pite\u0219ti, iar \u0219oferii vor mai avea de a\u0219teptat o s\u0103pt\u0103m\u00e2n\u0103 p\u00e2n\u0103 c\u00e2nd vor putea circula \u00een siguran\u021b\u0103 pe aceast\u0103 rut\u0103. Premierul, ministrul Transporturilor \u0219i directorul Companiei Na\u021bionale de Drumuri au&#8230;<\/p>\n","protected":false},"author":87,"featured_media":69253,"comment_status":"","ping_status":"open","sticky":false,"template":"","format":"standard","meta":{"footnotes":""},"categories":[8158],"tags":[59321,58814,59532,4611,59533],"class_list":{"0":"post-69252","1":"post","2":"type-post","3":"status-publish","4":"format-standard","5":"has-post-thumbnail","7":"category-stiri","8":"tag-autostrada","9":"tag-craiova","10":"tag-lucrari","11":"tag-soferi","12":"tag-valea-oltului"},"_links":{"self":[{"href":"https:\/\/hadnews.com\/ro\/wp-json\/wp\/v2\/posts\/69252","targetHints":{"allow":["GET"]}}],"collection":[{"href":"https:\/\/hadnews.com\/ro\/wp-json\/wp\/v2\/posts"}],"about":[{"href":"https:\/\/hadnews.com\/ro\/wp-json\/wp\/v2\/types\/post"}],"author":[{"embeddable":true,"href":"https:\/\/hadnews.com\/ro\/wp-json\/wp\/v2\/users\/87"}],"replies":[{"embeddable":true,"href":"https:\/\/hadnews.com\/ro\/wp-json\/wp\/v2\/comments?post=69252"}],"version-history":[{"count":0,"href":"https:\/\/hadnews.com\/ro\/wp-json\/wp\/v2\/posts\/69252\/revisions"}],"wp:featuredmedia":[{"embeddable":true,"href":"https:\/\/hadnews.com\/ro\/wp-json\/wp\/v2\/media\/69253"}],"wp:attachment":[{"href":"https:\/\/hadnews.com\/ro\/wp-json\/wp\/v2\/media?parent=69252"}],"wp:term":[{"taxonomy":"category","embeddable":true,"href":"https:\/\/hadnews.com\/ro\/wp-json\/wp\/v2\/categories?post=69252"},{"taxonomy":"post_tag","embeddable":true,"href":"https:\/\/hadnews.com\/ro\/wp-json\/wp\/v2\/tags?post=69252"}],"curies":[{"name":"wp","href":"https:\/\/api.w.org\/{rel}","templated":true}]}}