{"id":69490,"date":"2024-08-03T10:02:12","date_gmt":"2024-08-03T08:02:12","guid":{"rendered":"https:\/\/hadnews.com\/ro\/mandru-ca-poarta-uniforma-de-jandarm\/"},"modified":"2024-08-03T10:02:12","modified_gmt":"2024-08-03T08:02:12","slug":"mandru-ca-poarta-uniforma-de-jandarm","status":"publish","type":"post","link":"https:\/\/hadnews.com\/ro\/mandru-ca-poarta-uniforma-de-jandarm\/","title":{"rendered":"M\u00e2ndru c\u0103 poart\u0103 uniforma de jandarm"},"content":{"rendered":"<p>Doi tineri m\u00e2ndri c\u0103 poart\u0103 uniforma de jandarm au \u00eenceput recent o nou\u0103 etap\u0103 \u00een cariera lor militar\u0103 la Gruparea de Jandarmi Mobil\u0103 Craiova. Sebastian Jianu \u0219i Robert Diaconu, proasp\u0103t absolven\u021bi ai Academiei de Poli\u021bie \u201eAlexandru Ioan Cuza\u201d din Bucure\u0219ti &#8211; Arma Jandarmi, au fost repartiza\u021bi \u00een aceast\u0103 unitate pentru a-\u0219i desf\u0103\u0219ura activitatea.<\/p>\n<p>Sebastian Jianu, \u00een v\u00e2rst\u0103 de 25 de ani, va lucra \u00een Compartimentul Juridic al unit\u0103\u021bii ca \u0219i consilier juridic, datorit\u0103 specializ\u0103rii sale \u00een Drept. Robert Diaconu, \u00een v\u00e2rst\u0103 de 24 de ani, va \u00eendeplini func\u021bia de comandant de pluton, av\u00e2nd responsabilitatea de a coordona misiuni de ordine \u0219i siguran\u021b\u0103 public\u0103. Ambii tineri au fost repartiza\u021bi \u00een ora\u0219ul lor natal, Craiova, ca urmare a rezultatelor excelente ob\u021binute la absolvire.<\/p>\n<p>Cei doi jandarmi sunt hot\u0103r\u00e2\u021bi s\u0103 pun\u0103 \u00een practic\u0103 cuno\u0219tin\u021bele teoretice acumulate \u00een timpul facult\u0103\u021bii \u0219i s\u0103 fac\u0103 fa\u021b\u0103 cu succes provoc\u0103rilor pe care le vor \u00eent\u00e2lni \u00een noua lor misiune. Motiva\u021bia lor pentru a alege o carier\u0103 militar\u0103 \u00een Jandarmerie se datoreaz\u0103 faptului c\u0103 consider\u0103 c\u0103 aceast\u0103 profesie se potrive\u0219te perfect cu ambi\u021biile \u0219i idealurile lor, iar purtarea uniformei de jandarm este pentru ei un semn de onoare \u0219i respect.<\/p>\n<p><\/p>\n<div class=\"video-container\">\n    <iframe class=\"video\" src=\"https:\/\/www.youtube.com\/embed\/4oPx5kiEZ3k\" allowfullscreen><\/iframe>\n<\/div>\n<p><i>Video &#8220;M\u00c2NDRI C\u0102 POART\u0102 UNIFORMA DE JANDARM\u201d a fost \u00eenc\u0103rcat pe 02\/08\/2024 pe canalul YouTube <a href=\"https:\/\/www.youtube.com\/channel\/UCr0bjXDk71i5-47jNml1zEw\" target=\"_blank\" rel=\"noopener\"> TVR Craiova <\/a><\/i><\/p>\n","protected":false},"excerpt":{"rendered":"<p>Doi tineri m\u00e2ndri c\u0103 poart\u0103 uniforma de jandarm au \u00eenceput recent o nou\u0103 etap\u0103 \u00een cariera lor militar\u0103 la Gruparea de Jandarmi Mobil\u0103 Craiova. Sebastian Jianu \u0219i Robert Diaconu, proasp\u0103t absolven\u021bi ai Academiei de Poli\u021bie \u201eAlexandru Ioan Cuza\u201d din Bucure\u0219ti&#8230;<\/p>\n","protected":false},"author":87,"featured_media":69491,"comment_status":"","ping_status":"open","sticky":false,"template":"","format":"standard","meta":{"footnotes":""},"categories":[8158],"tags":[58814,59812,21354],"class_list":{"0":"post-69490","1":"post","2":"type-post","3":"status-publish","4":"format-standard","5":"has-post-thumbnail","7":"category-stiri","8":"tag-craiova","9":"tag-jandarmi","10":"tag-tineri"},"_links":{"self":[{"href":"https:\/\/hadnews.com\/ro\/wp-json\/wp\/v2\/posts\/69490","targetHints":{"allow":["GET"]}}],"collection":[{"href":"https:\/\/hadnews.com\/ro\/wp-json\/wp\/v2\/posts"}],"about":[{"href":"https:\/\/hadnews.com\/ro\/wp-json\/wp\/v2\/types\/post"}],"author":[{"embeddable":true,"href":"https:\/\/hadnews.com\/ro\/wp-json\/wp\/v2\/users\/87"}],"replies":[{"embeddable":true,"href":"https:\/\/hadnews.com\/ro\/wp-json\/wp\/v2\/comments?post=69490"}],"version-history":[{"count":0,"href":"https:\/\/hadnews.com\/ro\/wp-json\/wp\/v2\/posts\/69490\/revisions"}],"wp:featuredmedia":[{"embeddable":true,"href":"https:\/\/hadnews.com\/ro\/wp-json\/wp\/v2\/media\/69491"}],"wp:attachment":[{"href":"https:\/\/hadnews.com\/ro\/wp-json\/wp\/v2\/media?parent=69490"}],"wp:term":[{"taxonomy":"category","embeddable":true,"href":"https:\/\/hadnews.com\/ro\/wp-json\/wp\/v2\/categories?post=69490"},{"taxonomy":"post_tag","embeddable":true,"href":"https:\/\/hadnews.com\/ro\/wp-json\/wp\/v2\/tags?post=69490"}],"curies":[{"name":"wp","href":"https:\/\/api.w.org\/{rel}","templated":true}]}}