{"id":70045,"date":"2024-08-06T09:14:08","date_gmt":"2024-08-06T07:14:08","guid":{"rendered":"https:\/\/hadnews.com\/ro\/regional-telejurnal-august-5th-2024\/"},"modified":"2024-08-06T09:14:08","modified_gmt":"2024-08-06T07:14:08","slug":"regional-telejurnal-august-5th-2024","status":"publish","type":"post","link":"https:\/\/hadnews.com\/ro\/regional-telejurnal-august-5th-2024\/","title":{"rendered":"Regional Telejurnal &#8211; August 5th, 2024"},"content":{"rendered":"<p>Telejurnalul regional de ast\u0103zi aduce \u00een prim plan cele mai importante \u0219tiri locale din data de 5 august 2024.<\/p>\n<p>Primul subiect abordat este inaugurarea unui nou parc tematic \u00een ora\u0219ul nostru, care promite s\u0103 devin\u0103 o atrac\u021bie de talie interna\u021bional\u0103. Parcul va include diverse atrac\u021bii pentru toate v\u00e2rstele \u0219i va aduce un suflu nou \u00een peisajul de divertisment din zon\u0103.<\/p>\n<p>\u00cen continuare, vom prezenta un reportaj special despre ultimele modific\u0103ri aduse regulamentului de circula\u021bie \u00een ora\u0219. Autorit\u0103\u021bile locale au implementat noi m\u0103suri pentru a \u00eembun\u0103t\u0103\u021bi siguran\u021ba rutier\u0103 \u0219i pentru a reduce num\u0103rul accidentelor.<\/p>\n<p>Pe plan cultural, v\u0103 invit\u0103m s\u0103 descoperi\u021bi \u00eentr-un interviu exclusiv cu un artist local care expune \u00een galeriile de art\u0103 din ora\u0219. Acesta ne va vorbi despre inspira\u021bia sa, precum \u0219i despre experien\u021ba de a expune lucr\u0103rile sale \u00een fa\u021ba publicului.<\/p>\n<p>\u00cen \u00eencheiere, v\u0103 vom prezenta \u0219i prognoza meteo pentru urm\u0103toarele zile, astfel \u00eenc\u00e2t s\u0103 fi\u021bi mereu preg\u0103ti\u021bi pentru vremea schimb\u0103toare din regiune.<\/p>\n<p>Nu rata\u021bi Telejurnalul regional de ast\u0103zi pentru a fi la curent cu toate evenimentele importante din ora\u0219ul nostru!<\/p>\n<p><\/p>\n<div class=\"video-container\">\n    <iframe class=\"video\" src=\"https:\/\/www.youtube.com\/embed\/1c4ix6dTgic\" allowfullscreen><\/iframe>\n<\/div>\n<p><i>Video &#8220;Telejurnal regional &#8211; 05.08.2024\u201d a fost \u00eenc\u0103rcat pe 06\/08\/2024 pe canalul YouTube <a href=\"https:\/\/www.youtube.com\/channel\/UCr0bjXDk71i5-47jNml1zEw\" target=\"_blank\" rel=\"noopener\"> TVR Craiova <\/a><\/i><\/p>\n","protected":false},"excerpt":{"rendered":"<p>Telejurnalul regional de ast\u0103zi aduce \u00een prim plan cele mai importante \u0219tiri locale din data de 5 august 2024. Primul subiect abordat este inaugurarea unui nou parc tematic \u00een ora\u0219ul nostru, care promite s\u0103 devin\u0103 o atrac\u021bie de talie interna\u021bional\u0103. Parcul va&#8230;<\/p>\n","protected":false},"author":87,"featured_media":70046,"comment_status":"","ping_status":"open","sticky":false,"template":"","format":"standard","meta":{"footnotes":""},"categories":[8158],"tags":[58817,58814,13308,58816,58815],"class_list":{"0":"post-70045","1":"post","2":"type-post","3":"status-publish","4":"format-standard","5":"has-post-thumbnail","7":"category-stiri","8":"tag-broadcast","9":"tag-craiova","10":"tag-news","11":"tag-regional","12":"tag-telejurnal"},"_links":{"self":[{"href":"https:\/\/hadnews.com\/ro\/wp-json\/wp\/v2\/posts\/70045","targetHints":{"allow":["GET"]}}],"collection":[{"href":"https:\/\/hadnews.com\/ro\/wp-json\/wp\/v2\/posts"}],"about":[{"href":"https:\/\/hadnews.com\/ro\/wp-json\/wp\/v2\/types\/post"}],"author":[{"embeddable":true,"href":"https:\/\/hadnews.com\/ro\/wp-json\/wp\/v2\/users\/87"}],"replies":[{"embeddable":true,"href":"https:\/\/hadnews.com\/ro\/wp-json\/wp\/v2\/comments?post=70045"}],"version-history":[{"count":0,"href":"https:\/\/hadnews.com\/ro\/wp-json\/wp\/v2\/posts\/70045\/revisions"}],"wp:featuredmedia":[{"embeddable":true,"href":"https:\/\/hadnews.com\/ro\/wp-json\/wp\/v2\/media\/70046"}],"wp:attachment":[{"href":"https:\/\/hadnews.com\/ro\/wp-json\/wp\/v2\/media?parent=70045"}],"wp:term":[{"taxonomy":"category","embeddable":true,"href":"https:\/\/hadnews.com\/ro\/wp-json\/wp\/v2\/categories?post=70045"},{"taxonomy":"post_tag","embeddable":true,"href":"https:\/\/hadnews.com\/ro\/wp-json\/wp\/v2\/tags?post=70045"}],"curies":[{"name":"wp","href":"https:\/\/api.w.org\/{rel}","templated":true}]}}