{"id":70086,"date":"2024-08-05T16:43:43","date_gmt":"2024-08-05T14:43:43","guid":{"rendered":"https:\/\/hadnews.com\/ro\/motorcycle-accident-with-car-on-gherla-beltway-cluj-on-august-5-2024\/"},"modified":"2024-08-05T16:43:43","modified_gmt":"2024-08-05T14:43:43","slug":"motorcycle-accident-with-car-on-gherla-beltway-cluj-on-august-5-2024","status":"publish","type":"post","link":"https:\/\/hadnews.com\/ro\/motorcycle-accident-with-car-on-gherla-beltway-cluj-on-august-5-2024\/","title":{"rendered":"Motorcycle Accident with Car on Gherla Beltway (Cluj) on August 5, 2024"},"content":{"rendered":"<p>Un accident grav a avut loc ast\u0103zi pe centura ocolitoare a municipiului Gherla, \u00een zona localit\u0103\u021bii Bune\u0219ti, din jude\u021bul Cluj. Potrivit informa\u021biilor furnizate de autorit\u0103\u021bi, un motociclist a intrat \u00een coliziune cu un autoturism, rezult\u00e2nd multiple victime.<\/p>\n<p>Echipajele de pompieri \u0219i SMURD de la Gherla au intervenit imediat la fa\u021ba locului pentru acordarea primului ajutor \u0219i transportul victimelor la spital. Din nefericire, se pare c\u0103 impactul a fost violent iar starea de s\u0103n\u0103tate a persoanelor implicate este grav\u0103.<\/p>\n<p>Accidentele rutiere reprezint\u0103 una dintre cele mai mari probleme de siguran\u021b\u0103 public\u0103 din Rom\u00e2nia, iar situa\u021bii ca aceasta ne reamintesc de necesitatea respect\u0103rii regulilor de circula\u021bie \u0219i a normelor de conduit\u0103 responsabil\u0103 \u00een trafic.<\/p>\n<p>Autorit\u0103\u021bile locale au \u00eenceput deja investiga\u021biile pentru a determina cauzele exacte ale acestui accident \u0219i pentru a lua m\u0103suri care s\u0103 previn\u0103 producerea unor astfel de evenimente tragice \u00een viitor. Popula\u021bia este \u00eendemnat\u0103 s\u0103 fie precaut\u0103 \u0219i s\u0103 respecte cu stricte\u021be regulile de circula\u021bie, \u00een interesul propriei siguran\u021be \u0219i a celor din jur.<\/p>\n<p><\/p>\n<div class=\"video-container\">\n    <iframe class=\"video\" src=\"https:\/\/www.youtube.com\/embed\/ahxWikFzBts\" allowfullscreen><\/iframe>\n<\/div>\n<p><i>Video &#8220;Accident motocicleta cu autoturism centura Gherla (Cluj) 5 08 2024\u201d a fost \u00eenc\u0103rcat pe 05\/08\/2024 pe canalul YouTube <a href=\"https:\/\/www.youtube.com\/channel\/UCsaWBFFkiI-QJYbuH9_YHxg\" target=\"_blank\" rel=\"noopener\"> Gherla INFO <\/a><\/i><\/p>\n","protected":false},"excerpt":{"rendered":"<p>Un accident grav a avut loc ast\u0103zi pe centura ocolitoare a municipiului Gherla, \u00een zona localit\u0103\u021bii Bune\u0219ti, din jude\u021bul Cluj. Potrivit informa\u021biilor furnizate de autorit\u0103\u021bi, un motociclist a intrat \u00een coliziune cu un autoturism, rezult\u00e2nd multiple victime&#8230;<\/p>\n","protected":false},"author":89,"featured_media":70087,"comment_status":"","ping_status":"open","sticky":false,"template":"","format":"standard","meta":{"footnotes":""},"categories":[1],"tags":[3678,58841],"class_list":{"0":"post-70086","1":"post","2":"type-post","3":"status-publish","4":"format-standard","5":"has-post-thumbnail","7":"category-societate","8":"tag-accident","9":"tag-gherla"},"_links":{"self":[{"href":"https:\/\/hadnews.com\/ro\/wp-json\/wp\/v2\/posts\/70086","targetHints":{"allow":["GET"]}}],"collection":[{"href":"https:\/\/hadnews.com\/ro\/wp-json\/wp\/v2\/posts"}],"about":[{"href":"https:\/\/hadnews.com\/ro\/wp-json\/wp\/v2\/types\/post"}],"author":[{"embeddable":true,"href":"https:\/\/hadnews.com\/ro\/wp-json\/wp\/v2\/users\/89"}],"replies":[{"embeddable":true,"href":"https:\/\/hadnews.com\/ro\/wp-json\/wp\/v2\/comments?post=70086"}],"version-history":[{"count":0,"href":"https:\/\/hadnews.com\/ro\/wp-json\/wp\/v2\/posts\/70086\/revisions"}],"wp:featuredmedia":[{"embeddable":true,"href":"https:\/\/hadnews.com\/ro\/wp-json\/wp\/v2\/media\/70087"}],"wp:attachment":[{"href":"https:\/\/hadnews.com\/ro\/wp-json\/wp\/v2\/media?parent=70086"}],"wp:term":[{"taxonomy":"category","embeddable":true,"href":"https:\/\/hadnews.com\/ro\/wp-json\/wp\/v2\/categories?post=70086"},{"taxonomy":"post_tag","embeddable":true,"href":"https:\/\/hadnews.com\/ro\/wp-json\/wp\/v2\/tags?post=70086"}],"curies":[{"name":"wp","href":"https:\/\/api.w.org\/{rel}","templated":true}]}}