{"id":70641,"date":"2024-08-08T12:07:08","date_gmt":"2024-08-08T10:07:08","guid":{"rendered":"https:\/\/hadnews.com\/ro\/descoperirea-nivelului-dunarii\/"},"modified":"2024-08-08T12:07:08","modified_gmt":"2024-08-08T10:07:08","slug":"descoperirea-nivelului-dunarii","status":"publish","type":"post","link":"https:\/\/hadnews.com\/ro\/descoperirea-nivelului-dunarii\/","title":{"rendered":"Descoperirea nivelului Dun\u0103rii"},"content":{"rendered":"<p>Seceta din aceast\u0103 var\u0103 nu afecteaz\u0103 doar solul, ci \u0219i r\u00e2urile \u0219i fluviile din Rom\u00e2nia. Dun\u0103rea \u00eenregistreaz\u0103 o sc\u0103dere continu\u0103 a nivelului apei, iar tendin\u021ba este de continuare a acestui fenomen. Doi armatori au avut parte de incidente nepl\u0103cute \u00een ultimele zile, navele lor e\u0219u\u00e2nd \u0219i necesit\u00e2nd interven\u021bia remorcherelor pentru a fi readuse \u00een zona canalului navigabil.<\/p>\n<p>Administra\u021bia Fluvial\u0103 a Dun\u0103rii de Jos Gala\u021bi a avertizat armatorii cu privire la aceast\u0103 situa\u021bie \u0219i i-a sf\u0103tuit s\u0103 \u00eencarce navele cu pescaje adecvate pentru a evita astfel de incidente.<\/p>\n<p>Pescarii care activeaz\u0103 pe Dun\u0103re spun c\u0103 fenomenul este unul comun \u00een timpul verii, dar c\u0103 de data aceasta nivelul sc\u0103zut al apei este mult mai accentuat. Se a\u0219teapt\u0103 ca Dun\u0103rea s\u0103 scad\u0103 \u0219i mai mult \u00een zilele urm\u0103toare.<\/p>\n<p>Zona Bechet este considerat\u0103 cea mai critic\u0103 de pe tot traseul Dun\u0103rii din Rom\u00e2nia, iar incidentele semnalate pe cursul r\u00e2ului au determinat autorit\u0103\u021bile s\u0103 fie \u00een alert\u0103.<\/p>\n<p>Armatorii \u0219i to\u021bi cei implica\u021bi \u00een traficul fluvial sunt aten\u021biona\u021bi s\u0103 \u00ee\u0219i ia m\u0103suri de precau\u021bie \u0219i s\u0103 \u00eencarce navele conform situa\u021biei actuale a Dun\u0103rii. Nivelul sc\u0103zut al apei reprezint\u0103 un pericol pentru naviga\u021bie, iar interven\u021bia remorcherelor este necesar\u0103 \u00een multe situa\u021bii pentru a evita accidentele.<\/p>\n<p><\/p>\n<div class=\"video-container\">\n    <iframe class=\"video\" src=\"https:\/\/www.youtube.com\/embed\/L5bjxmrllyA\" allowfullscreen><\/iframe>\n<\/div>\n<p><i>Video &#8220;SCADE NIVELUL DUN\u0102RII\u201d a fost \u00eenc\u0103rcat pe 07\/08\/2024 pe canalul YouTube <a href=\"https:\/\/www.youtube.com\/channel\/UCr0bjXDk71i5-47jNml1zEw\" target=\"_blank\" rel=\"noopener\"> TVR Craiova <\/a><\/i><\/p>\n","protected":false},"excerpt":{"rendered":"<p>Seceta din aceast\u0103 var\u0103 nu afecteaz\u0103 doar solul, ci \u0219i r\u00e2urile \u0219i fluviile din Rom\u00e2nia. Dun\u0103rea \u00eenregistreaz\u0103 o sc\u0103dere continu\u0103 a nivelului apei, iar tendin\u021ba este de continuare a acestui fenomen. Doi armatori au avut parte de incidente nepl\u0103cute \u00een ultimele&#8230;<\/p>\n","protected":false},"author":87,"featured_media":70642,"comment_status":"","ping_status":"open","sticky":false,"template":"","format":"standard","meta":{"footnotes":""},"categories":[8158],"tags":[58814,61108,60537],"class_list":{"0":"post-70641","1":"post","2":"type-post","3":"status-publish","4":"format-standard","5":"has-post-thumbnail","7":"category-stiri","8":"tag-craiova","9":"tag-dunarea","10":"tag-seceta"},"_links":{"self":[{"href":"https:\/\/hadnews.com\/ro\/wp-json\/wp\/v2\/posts\/70641","targetHints":{"allow":["GET"]}}],"collection":[{"href":"https:\/\/hadnews.com\/ro\/wp-json\/wp\/v2\/posts"}],"about":[{"href":"https:\/\/hadnews.com\/ro\/wp-json\/wp\/v2\/types\/post"}],"author":[{"embeddable":true,"href":"https:\/\/hadnews.com\/ro\/wp-json\/wp\/v2\/users\/87"}],"replies":[{"embeddable":true,"href":"https:\/\/hadnews.com\/ro\/wp-json\/wp\/v2\/comments?post=70641"}],"version-history":[{"count":0,"href":"https:\/\/hadnews.com\/ro\/wp-json\/wp\/v2\/posts\/70641\/revisions"}],"wp:featuredmedia":[{"embeddable":true,"href":"https:\/\/hadnews.com\/ro\/wp-json\/wp\/v2\/media\/70642"}],"wp:attachment":[{"href":"https:\/\/hadnews.com\/ro\/wp-json\/wp\/v2\/media?parent=70641"}],"wp:term":[{"taxonomy":"category","embeddable":true,"href":"https:\/\/hadnews.com\/ro\/wp-json\/wp\/v2\/categories?post=70641"},{"taxonomy":"post_tag","embeddable":true,"href":"https:\/\/hadnews.com\/ro\/wp-json\/wp\/v2\/tags?post=70641"}],"curies":[{"name":"wp","href":"https:\/\/api.w.org\/{rel}","templated":true}]}}