{"id":71272,"date":"2024-08-11T10:17:10","date_gmt":"2024-08-11T08:17:10","guid":{"rendered":"https:\/\/hadnews.com\/ro\/interviul-zilei-alergiile-de-sezon\/"},"modified":"2024-08-11T10:17:10","modified_gmt":"2024-08-11T08:17:10","slug":"interviul-zilei-alergiile-de-sezon","status":"publish","type":"post","link":"https:\/\/hadnews.com\/ro\/interviul-zilei-alergiile-de-sezon\/","title":{"rendered":"Interviul Zilei: Alergiile de Sezon"},"content":{"rendered":"<p>A \u00eenceput sezonul alergiilor de prim\u0103var\u0103 \u0219i una dintre cele mai problematice plante pentru cei afecta\u021bi de alergii este ambrozia. Sezonul acestei plante dureaz\u0103 de obicei p\u00e2n\u0103 \u00een septembrie sau chiar octombrie, iar pentru persoanele alergice la polenul de ambrozie, aceast\u0103 perioad\u0103 poate fi extrem de dificil\u0103.<\/p>\n<p>Ambrozia este o plant\u0103 s\u0103lbatic\u0103 care apare \u00een special \u00een zonele de c\u00e2mpie, la marginea ora\u0219elor sau \u00een zonele neamenajate din vecin\u0103tatea terenurilor virane. Simptomele alergiilor provocate de ambrozie pot varia de la str\u0103nut, m\u00e2nc\u0103rime a ochilor \u0219i congestie nazal\u0103 p\u00e2n\u0103 la dificult\u0103\u021bi de respira\u021bie \u0219i chiar crize de astm.<\/p>\n<p>Pentru a afla mai multe despre cum putem gestiona \u0219i trata alergiile de sezon cauzate de ambrozie, am discutat \u00een cadrul rubricii Interviul Zilei cu medicul primar alergolog, Alexandra C\u00e2rstoiu. Este important s\u0103 fim con\u0219tien\u021bi de simptomele noastre \u0219i s\u0103 consult\u0103m un specialist pentru a primi tratamentul adecvat \u0219i a evita complica\u021biile.<\/p>\n<p>Dac\u0103 sunte\u021bi printre cei care sufer\u0103 de alergii \u00een aceast\u0103 perioad\u0103, nu ezita\u021bi s\u0103 urm\u0103ri\u021bi acest interviu pentru a afla sfaturile \u0219i recomand\u0103rile medicului alergolog. Fi\u021bi precau\u021bi \u0219i ave\u021bi grij\u0103 de s\u0103n\u0103tatea voastr\u0103 \u00een sezonul alergiilor de prim\u0103var\u0103!<\/p>\n<p><\/p>\n<div class=\"video-container\">\n    <iframe class=\"video\" src=\"https:\/\/www.youtube.com\/embed\/Syx8aF4kYGk\" allowfullscreen><\/iframe>\n<\/div>\n<p><i>Video &#8220;INTERVIUL ZILEI \u2013 ALERGIILE DE SEZON\u201d a fost \u00eenc\u0103rcat pe 10\/08\/2024 pe canalul YouTube <a href=\"https:\/\/www.youtube.com\/channel\/UCr0bjXDk71i5-47jNml1zEw\" target=\"_blank\" rel=\"noopener\"> TVR Craiova <\/a><\/i><\/p>\n","protected":false},"excerpt":{"rendered":"<p>A \u00eenceput sezonul alergiilor de prim\u0103var\u0103 \u0219i una dintre cele mai problematice plante pentru cei afecta\u021bi de alergii este ambrozia. Sezonul acestei plante dureaz\u0103 de obicei p\u00e2n\u0103 \u00een septembrie sau chiar octombrie, iar pentru persoanele alergice la polenul de&#8230;<\/p>\n","protected":false},"author":87,"featured_media":71273,"comment_status":"","ping_status":"open","sticky":false,"template":"","format":"standard","meta":{"footnotes":""},"categories":[8158],"tags":[60486,58814,60492,14312],"class_list":{"0":"post-71272","1":"post","2":"type-post","3":"status-publish","4":"format-standard","5":"has-post-thumbnail","7":"category-stiri","8":"tag-ambrozie","9":"tag-craiova","10":"tag-sezon","11":"tag-simptome"},"_links":{"self":[{"href":"https:\/\/hadnews.com\/ro\/wp-json\/wp\/v2\/posts\/71272","targetHints":{"allow":["GET"]}}],"collection":[{"href":"https:\/\/hadnews.com\/ro\/wp-json\/wp\/v2\/posts"}],"about":[{"href":"https:\/\/hadnews.com\/ro\/wp-json\/wp\/v2\/types\/post"}],"author":[{"embeddable":true,"href":"https:\/\/hadnews.com\/ro\/wp-json\/wp\/v2\/users\/87"}],"replies":[{"embeddable":true,"href":"https:\/\/hadnews.com\/ro\/wp-json\/wp\/v2\/comments?post=71272"}],"version-history":[{"count":0,"href":"https:\/\/hadnews.com\/ro\/wp-json\/wp\/v2\/posts\/71272\/revisions"}],"wp:featuredmedia":[{"embeddable":true,"href":"https:\/\/hadnews.com\/ro\/wp-json\/wp\/v2\/media\/71273"}],"wp:attachment":[{"href":"https:\/\/hadnews.com\/ro\/wp-json\/wp\/v2\/media?parent=71272"}],"wp:term":[{"taxonomy":"category","embeddable":true,"href":"https:\/\/hadnews.com\/ro\/wp-json\/wp\/v2\/categories?post=71272"},{"taxonomy":"post_tag","embeddable":true,"href":"https:\/\/hadnews.com\/ro\/wp-json\/wp\/v2\/tags?post=71272"}],"curies":[{"name":"wp","href":"https:\/\/api.w.org\/{rel}","templated":true}]}}