{"id":72885,"date":"2024-08-18T12:15:11","date_gmt":"2024-08-18T10:15:11","guid":{"rendered":"https:\/\/hadnews.com\/ro\/irigatiile-sunt-benefice-in-pomicultura\/"},"modified":"2024-08-18T12:15:11","modified_gmt":"2024-08-18T10:15:11","slug":"irigatiile-sunt-benefice-in-pomicultura","status":"publish","type":"post","link":"https:\/\/hadnews.com\/ro\/irigatiile-sunt-benefice-in-pomicultura\/","title":{"rendered":"Iriga\u021biile sunt benefice \u00een pomicultur\u0103"},"content":{"rendered":"<p>Vara secetoas\u0103 nu a reprezentat o provocare pentru fermierii care au luat m\u0103suri de precau\u021bie \u00een ceea ce prive\u0219te iriga\u021biile. Un exemplu elocvent \u00een acest sens \u00eel reprezint\u0103 un fermier din Brabova, care de\u021bine zeci de hectare plantate cu pomi fructiferi \u0219i care a instalat un sistem de iriga\u021bii ce \u0219i-a dovedit eficien\u021ba \u00een acest an.<\/p>\n<p>Acest sistem de iriga\u021bii a fost decisiv \u00een men\u021binerea unui nivel optim de umiditate pentru pomi, \u00eentr-un sezon marcat de lipsa ploilor. Astfel, recolta a beneficiat de o cre\u0219tere semnificativ\u0103, iar fermierul se poate declara mul\u021bumit de investi\u021bia f\u0103cut\u0103 \u00een acest sens.<\/p>\n<p>\u00cens\u0103, nu totul este roz \u00een pomicultur\u0103, deoarece fermierul se confrunt\u0103 zilnic cu probleme generate de d\u0103un\u0103tori precum g\u00e2ndacii \u0219i ciorile. Acestea reprezint\u0103 o amenin\u021bare constant\u0103 pentru pomii fructiferi \u0219i necesit\u0103 o aten\u021bie deosebit\u0103 din partea fermierului.<\/p>\n<p>\u00cen ciuda acestor provoc\u0103ri, fermierul din Brabova se bucur\u0103 de recolte bogate \u0219i de calitate, datorit\u0103 m\u0103surilor de precau\u021bie pe care le-a luat \u0219i a investi\u021biei \u00eentr-un sistem modern de iriga\u021bii. Acest exemplu demonstreaz\u0103 importan\u021ba unui management eficient al iriga\u021biilor \u00een pomicultur\u0103 \u0219i impactul pozitiv pe care \u00eel poate avea asupra recoltelor.<\/p>\n<p><\/p>\n<div class=\"video-container\">\n    <iframe class=\"video\" src=\"https:\/\/www.youtube.com\/embed\/ze6mP2CmfLY\" allowfullscreen><\/iframe>\n<\/div>\n<p><i>Video &#8220;IRIGA\u0162IILE DAU ROADE \u00ceN POMICULTUR\u0102\u201d a fost \u00eenc\u0103rcat pe 17\/08\/2024 pe canalul YouTube <a href=\"https:\/\/www.youtube.com\/channel\/UCr0bjXDk71i5-47jNml1zEw\" target=\"_blank\" rel=\"noopener\"> TVR Craiova <\/a><\/i><\/p>\n","protected":false},"excerpt":{"rendered":"<p>Vara secetoas\u0103 nu a reprezentat o provocare pentru fermierii care au luat m\u0103suri de precau\u021bie \u00een ceea ce prive\u0219te iriga\u021biile. Un exemplu elocvent \u00een acest sens \u00eel reprezint\u0103 un fermier din Brabova, care de\u021bine zeci de hectare plantate cu pomi fructiferi \u0219i&#8230;<\/p>\n","protected":false},"author":87,"featured_media":72886,"comment_status":"","ping_status":"open","sticky":false,"template":"","format":"standard","meta":{"footnotes":""},"categories":[8158],"tags":[58814,7933],"class_list":{"0":"post-72885","1":"post","2":"type-post","3":"status-publish","4":"format-standard","5":"has-post-thumbnail","7":"category-stiri","8":"tag-craiova","9":"tag-fermieri"},"_links":{"self":[{"href":"https:\/\/hadnews.com\/ro\/wp-json\/wp\/v2\/posts\/72885","targetHints":{"allow":["GET"]}}],"collection":[{"href":"https:\/\/hadnews.com\/ro\/wp-json\/wp\/v2\/posts"}],"about":[{"href":"https:\/\/hadnews.com\/ro\/wp-json\/wp\/v2\/types\/post"}],"author":[{"embeddable":true,"href":"https:\/\/hadnews.com\/ro\/wp-json\/wp\/v2\/users\/87"}],"replies":[{"embeddable":true,"href":"https:\/\/hadnews.com\/ro\/wp-json\/wp\/v2\/comments?post=72885"}],"version-history":[{"count":0,"href":"https:\/\/hadnews.com\/ro\/wp-json\/wp\/v2\/posts\/72885\/revisions"}],"wp:featuredmedia":[{"embeddable":true,"href":"https:\/\/hadnews.com\/ro\/wp-json\/wp\/v2\/media\/72886"}],"wp:attachment":[{"href":"https:\/\/hadnews.com\/ro\/wp-json\/wp\/v2\/media?parent=72885"}],"wp:term":[{"taxonomy":"category","embeddable":true,"href":"https:\/\/hadnews.com\/ro\/wp-json\/wp\/v2\/categories?post=72885"},{"taxonomy":"post_tag","embeddable":true,"href":"https:\/\/hadnews.com\/ro\/wp-json\/wp\/v2\/tags?post=72885"}],"curies":[{"name":"wp","href":"https:\/\/api.w.org\/{rel}","templated":true}]}}