{"id":75831,"date":"2024-09-01T16:00:08","date_gmt":"2024-09-01T14:00:08","guid":{"rendered":"https:\/\/hadnews.com\/ro\/vanturi-si-valuri-editia-din-01-09-2024\/"},"modified":"2024-09-01T16:00:08","modified_gmt":"2024-09-01T14:00:08","slug":"vanturi-si-valuri-editia-din-01-09-2024","status":"publish","type":"post","link":"https:\/\/hadnews.com\/ro\/vanturi-si-valuri-editia-din-01-09-2024\/","title":{"rendered":"V\u00e2nturi \u0219i Valuri: Edi\u021bia din 01.09.2024"},"content":{"rendered":"<p>Vineri, 1 septembrie 2024, telespectatorii Jurnal TV au avut ocazia s\u0103 urm\u0103reasc\u0103 o nou\u0103 edi\u021bie a emisiunii &#8220;V\u00e2nturile, Valurile&#8221;. Prezentat\u0103 de gazda noastr\u0103, Elena Popescu, emisiunea a adus \u00een aten\u021bia publicului evenimente \u0219i subiecte de actualitate, cu un focus special pe problemele mediu-ambientale.<\/p>\n<p>\u00cen cadrul acestei edi\u021bii, telespectatorii au avut ocazia s\u0103 afle mai multe despre fenomenele meteorologice extreme care afecteaz\u0103 din ce \u00een ce mai des \u021bara noastr\u0103, precum \u0219i m\u0103surile care pot fi luate pentru reducerea impactului acestora. De asemenea, s-a discutat despre importan\u021ba protej\u0103rii mediului \u00eenconjur\u0103tor \u0219i despre modalit\u0103\u021bile \u00een care fiecare dintre noi poate contribui la conservarea resurselor naturale.<\/p>\n<p>Prin intermediul reportajelor \u0219i interviurilor realizate de echipa emisiunii &#8220;V\u00e2nturile, Valurile&#8221;, telespectatorii au avut ocazia s\u0103 descopere pove\u0219ti \u0219i proiecte inspira\u021bionale care promoveaz\u0103 sustenabilitatea \u0219i respectul fa\u021b\u0103 de mediu. Aceast\u0103 edi\u021bie a demonstrat \u00eenc\u0103 o dat\u0103 importan\u021ba inform\u0103rii \u0219i con\u0219tientiz\u0103rii publicului \u00een ceea ce prive\u0219te problemele de mediu \u0219i impactul acestora asupra vie\u021bii noastre.<\/p>\n<p>Nu rata\u021bi urm\u0103toarea edi\u021bie a emisiunii &#8220;V\u00e2nturile, Valurile&#8221;, pentru a fi la curent cu cele mai importante subiecte \u0219i ini\u021biative din domeniul protec\u021biei mediului \u00eenconjur\u0103tor.<\/p>\n<p><\/p>\n<div class=\"video-container\">\n    <iframe class=\"video\" src=\"https:\/\/www.youtube.com\/embed\/D_hfHrQVU9s\" allowfullscreen><\/iframe>\n<\/div>\n<p><i>Video &#8220;V\u00e2nturile, Valurile, edi\u021bia din 01.09.2024\u201d a fost \u00eenc\u0103rcat pe 01\/09\/2024 pe canalul YouTube <a href=\"https:\/\/www.youtube.com\/channel\/UCJYCClZe1UppC6q3XJ4Mp2A\" target=\"_blank\" rel=\"noopener\"> Jurnal TV <\/a><\/i><\/p>\n","protected":false},"excerpt":{"rendered":"<p>Vineri, 1 septembrie 2024, telespectatorii Jurnal TV au avut ocazia s\u0103 urm\u0103reasc\u0103 o nou\u0103 edi\u021bie a emisiunii &#8220;V\u00e2nturile, Valurile&#8221;. Prezentat\u0103 de gazda noastr\u0103, Elena Popescu, emisiunea a adus \u00een aten\u021bia publicului evenimente \u0219i subiecte de&#8230;<\/p>\n","protected":false},"author":85,"featured_media":75832,"comment_status":"","ping_status":"open","sticky":false,"template":"","format":"standard","meta":{"footnotes":""},"categories":[8158],"tags":[6171,12425,14815],"class_list":{"0":"post-75831","1":"post","2":"type-post","3":"status-publish","4":"format-standard","5":"has-post-thumbnail","7":"category-stiri","8":"tag-facebook","9":"tag-instagram","10":"tag-social-media"},"_links":{"self":[{"href":"https:\/\/hadnews.com\/ro\/wp-json\/wp\/v2\/posts\/75831","targetHints":{"allow":["GET"]}}],"collection":[{"href":"https:\/\/hadnews.com\/ro\/wp-json\/wp\/v2\/posts"}],"about":[{"href":"https:\/\/hadnews.com\/ro\/wp-json\/wp\/v2\/types\/post"}],"author":[{"embeddable":true,"href":"https:\/\/hadnews.com\/ro\/wp-json\/wp\/v2\/users\/85"}],"replies":[{"embeddable":true,"href":"https:\/\/hadnews.com\/ro\/wp-json\/wp\/v2\/comments?post=75831"}],"version-history":[{"count":0,"href":"https:\/\/hadnews.com\/ro\/wp-json\/wp\/v2\/posts\/75831\/revisions"}],"wp:featuredmedia":[{"embeddable":true,"href":"https:\/\/hadnews.com\/ro\/wp-json\/wp\/v2\/media\/75832"}],"wp:attachment":[{"href":"https:\/\/hadnews.com\/ro\/wp-json\/wp\/v2\/media?parent=75831"}],"wp:term":[{"taxonomy":"category","embeddable":true,"href":"https:\/\/hadnews.com\/ro\/wp-json\/wp\/v2\/categories?post=75831"},{"taxonomy":"post_tag","embeddable":true,"href":"https:\/\/hadnews.com\/ro\/wp-json\/wp\/v2\/tags?post=75831"}],"curies":[{"name":"wp","href":"https:\/\/api.w.org\/{rel}","templated":true}]}}