{"id":75937,"date":"2024-09-03T09:21:08","date_gmt":"2024-09-03T07:21:08","guid":{"rendered":"https:\/\/hadnews.com\/ro\/regional-news-broadcast-september-2nd-2024\/"},"modified":"2024-09-03T09:21:08","modified_gmt":"2024-09-03T07:21:08","slug":"regional-news-broadcast-september-2nd-2024","status":"publish","type":"post","link":"https:\/\/hadnews.com\/ro\/regional-news-broadcast-september-2nd-2024\/","title":{"rendered":"Regional news broadcast &#8211; September 2nd, 2024."},"content":{"rendered":"<p>Telejurnal regional &#8211; 02.09.2024<\/p>\n<p>\u00cen cadrul edi\u021biei de ast\u0103zi a Telejurnalului regional din data de 2 septembrie 2024, au fost abordate unele dintre cele mai importante \u0219tiri din regiunea noastr\u0103.<\/p>\n<p>Printre subiectele principale s-a num\u0103rat inaugurarea unui nou centru de s\u0103n\u0103tate \u00een ora\u0219ul nostru, care va oferi servicii medicale de calitate pentru locuitorii din zon\u0103. De asemenea, s-a discutat despre proiectele de infrastructur\u0103 \u00een curs de desf\u0103\u0219urare, care vor contribui la \u00eembun\u0103t\u0103\u021birea condi\u021biilor de transport \u00een regiune.<\/p>\n<p>\u00cen alt\u0103 ordine de idei, evenimentul sportiv al s\u0103pt\u0103m\u00e2nii a fost campionatul de fotbal \u00eentre echipele locale, care s-a \u00eencheiat cu o victorie str\u0103lucitoare pentru echipa gazd\u0103. De asemenea, s-a remarcat \u0219i participarea numeroas\u0103 a spectatorilor la acest eveniment.<\/p>\n<p>\u00cen finalul edi\u021biei de ast\u0103zi, Telejurnalul regional a prezentat \u0219i prognoza meteo pentru zilele urm\u0103toare, care anun\u021b\u0103 o vreme frumoas\u0103 \u0219i temperaturi pl\u0103cute pentru to\u021bi locuitorii regiunii noastre.<\/p>\n<p>A\u0219adar, telespectatorii no\u0219tri au avut parte de o edi\u021bie bogat\u0103 \u00een informa\u021bii relevante \u0219i interesante, care reflect\u0103 activitatea \u0219i evolu\u021bia comunit\u0103\u021bii noastre locale.<\/p>\n<p><\/p>\n<div class=\"video-container\">\n    <iframe class=\"video\" src=\"https:\/\/www.youtube.com\/embed\/WvJPkR3yoWs\" allowfullscreen><\/iframe>\n<\/div>\n<p><i>Video &#8220;Telejurnal regional &#8211; 02.09.2024\u201d a fost \u00eenc\u0103rcat pe 03\/09\/2024 pe canalul YouTube <a href=\"https:\/\/www.youtube.com\/channel\/UCr0bjXDk71i5-47jNml1zEw\" target=\"_blank\" rel=\"noopener\"> TVR Craiova <\/a><\/i><\/p>\n","protected":false},"excerpt":{"rendered":"<p>Telejurnal regional &#8211; 02.09.2024 \u00cen cadrul edi\u021biei de ast\u0103zi a Telejurnalului regional din data de 2 septembrie 2024, au fost abordate unele dintre cele mai importante \u0219tiri din regiunea noastr\u0103. Printre subiectele principale s-a num\u0103rat inaugurarea unui&#8230;<\/p>\n","protected":false},"author":87,"featured_media":75938,"comment_status":"","ping_status":"open","sticky":false,"template":"","format":"standard","meta":{"footnotes":""},"categories":[8158],"tags":[59085,58814,13308,58816,58815],"class_list":{"0":"post-75937","1":"post","2":"type-post","3":"status-publish","4":"format-standard","5":"has-post-thumbnail","7":"category-stiri","8":"tag-broadcasting","9":"tag-craiova","10":"tag-news","11":"tag-regional","12":"tag-telejurnal"},"_links":{"self":[{"href":"https:\/\/hadnews.com\/ro\/wp-json\/wp\/v2\/posts\/75937","targetHints":{"allow":["GET"]}}],"collection":[{"href":"https:\/\/hadnews.com\/ro\/wp-json\/wp\/v2\/posts"}],"about":[{"href":"https:\/\/hadnews.com\/ro\/wp-json\/wp\/v2\/types\/post"}],"author":[{"embeddable":true,"href":"https:\/\/hadnews.com\/ro\/wp-json\/wp\/v2\/users\/87"}],"replies":[{"embeddable":true,"href":"https:\/\/hadnews.com\/ro\/wp-json\/wp\/v2\/comments?post=75937"}],"version-history":[{"count":0,"href":"https:\/\/hadnews.com\/ro\/wp-json\/wp\/v2\/posts\/75937\/revisions"}],"wp:featuredmedia":[{"embeddable":true,"href":"https:\/\/hadnews.com\/ro\/wp-json\/wp\/v2\/media\/75938"}],"wp:attachment":[{"href":"https:\/\/hadnews.com\/ro\/wp-json\/wp\/v2\/media?parent=75937"}],"wp:term":[{"taxonomy":"category","embeddable":true,"href":"https:\/\/hadnews.com\/ro\/wp-json\/wp\/v2\/categories?post=75937"},{"taxonomy":"post_tag","embeddable":true,"href":"https:\/\/hadnews.com\/ro\/wp-json\/wp\/v2\/tags?post=75937"}],"curies":[{"name":"wp","href":"https:\/\/api.w.org\/{rel}","templated":true}]}}