{"id":76303,"date":"2024-09-04T16:57:13","date_gmt":"2024-09-04T14:57:13","guid":{"rendered":"https:\/\/hadnews.com\/ro\/summer-for-you-september-4-2024\/"},"modified":"2024-09-04T16:57:13","modified_gmt":"2024-09-04T14:57:13","slug":"summer-for-you-september-4-2024","status":"publish","type":"post","link":"https:\/\/hadnews.com\/ro\/summer-for-you-september-4-2024\/","title":{"rendered":"Summer for You &#8211; September 4, 2024"},"content":{"rendered":"<p>Var\u0103 pentru Voi &#8211; 04.09.2024 a fost un eveniment plin de bucurie \u0219i emo\u021bie pentru copiii din centrele de plasament din \u00eentreaga \u021bar\u0103. Organizat de Asocia\u021bia Var\u0103 pentru Voi, acest eveniment a oferit copiilor oportunitatea de a petrece o zi minunat\u0103 \u00eentr-un mediu sigur \u0219i plin de activit\u0103\u021bi distractive.<\/p>\n<p>Cei mici au avut parte de jocuri, concursuri, activit\u0103\u021bi artistice \u0219i multe alte surprize care le-au adus z\u00e2mbetul pe buze \u0219i le-au umplut inimile de fericire. De asemenea, au avut ocazia s\u0103 \u00ee\u0219i fac\u0103 noi prieteni \u0219i s\u0103 se bucure de momente de neuitat al\u0103turi de voluntarii \u0219i organizatorii evenimentului.<\/p>\n<p>Var\u0103 pentru Voi &#8211; 04.09.2024 a reprezentat nu doar o zi de distrac\u021bie, ci \u0219i un prilej de a aduce un strop de lumin\u0103 \u0219i speran\u021b\u0103 \u00een vie\u021bile copiilor defavoriza\u021bi. Prin acest eveniment, Asocia\u021bia Var\u0103 pentru Voi a demonstrat \u00eenc\u0103 o dat\u0103 importan\u021ba oferirii de sprijin \u0219i afec\u021biune copiilor afla\u021bi \u00een nevoie, ar\u0103t\u00e2ndu-le c\u0103 nu sunt niciodat\u0103 singuri \u0219i c\u0103 exist\u0103 oameni care \u00eei iubesc \u0219i \u00eei sus\u021bin.<\/p>\n<p>Var\u0103 pentru Voi &#8211; 04.09.2024 a fost o zi special\u0103 \u0219i memorabil\u0103 pentru to\u021bi cei implica\u021bi, demonstr\u00e2nd \u00eenc\u0103 o dat\u0103 c\u0103 solidaritatea \u0219i compasiunea pot schimba vie\u021bi \u0219i pot aduce z\u00e2mbete pe fe\u021bele copiilor care au cea mai mare nevoie de ele.<\/p>\n<p><\/p>\n<div class=\"video-container\">\n    <iframe class=\"video\" src=\"https:\/\/www.youtube.com\/embed\/G29xgibaYU0\" allowfullscreen><\/iframe>\n<\/div>\n<p><i>Video &#8220;Var\u0103 pentru Voi &#8211; 04.09.2024\u201d a fost \u00eenc\u0103rcat pe 04\/09\/2024 pe canalul YouTube <a href=\"https:\/\/www.youtube.com\/channel\/UCr0bjXDk71i5-47jNml1zEw\" target=\"_blank\" rel=\"noopener\"> TVR Craiova <\/a><\/i><\/p>\n","protected":false},"excerpt":{"rendered":"<p>Var\u0103 pentru Voi &#8211; 04.09.2024 a fost un eveniment plin de bucurie \u0219i emo\u021bie pentru copiii din centrele de plasament din \u00eentreaga \u021bar\u0103. Organizat de Asocia\u021bia Var\u0103 pentru Voi, acest eveniment a oferit copiilor oportunitatea de a petrece o zi minunat\u0103&#8230;<\/p>\n","protected":false},"author":87,"featured_media":76304,"comment_status":"","ping_status":"open","sticky":false,"template":"","format":"standard","meta":{"footnotes":""},"categories":[8158],"tags":[65850,22100,58814,21213,2271,59209],"class_list":{"0":"post-76303","1":"post","2":"type-post","3":"status-publish","4":"format-standard","5":"has-post-thumbnail","7":"category-stiri","8":"tag-04-09-2024","9":"tag-celebration","10":"tag-craiova","11":"tag-event","12":"tag-romania","13":"tag-summer"},"_links":{"self":[{"href":"https:\/\/hadnews.com\/ro\/wp-json\/wp\/v2\/posts\/76303","targetHints":{"allow":["GET"]}}],"collection":[{"href":"https:\/\/hadnews.com\/ro\/wp-json\/wp\/v2\/posts"}],"about":[{"href":"https:\/\/hadnews.com\/ro\/wp-json\/wp\/v2\/types\/post"}],"author":[{"embeddable":true,"href":"https:\/\/hadnews.com\/ro\/wp-json\/wp\/v2\/users\/87"}],"replies":[{"embeddable":true,"href":"https:\/\/hadnews.com\/ro\/wp-json\/wp\/v2\/comments?post=76303"}],"version-history":[{"count":0,"href":"https:\/\/hadnews.com\/ro\/wp-json\/wp\/v2\/posts\/76303\/revisions"}],"wp:featuredmedia":[{"embeddable":true,"href":"https:\/\/hadnews.com\/ro\/wp-json\/wp\/v2\/media\/76304"}],"wp:attachment":[{"href":"https:\/\/hadnews.com\/ro\/wp-json\/wp\/v2\/media?parent=76303"}],"wp:term":[{"taxonomy":"category","embeddable":true,"href":"https:\/\/hadnews.com\/ro\/wp-json\/wp\/v2\/categories?post=76303"},{"taxonomy":"post_tag","embeddable":true,"href":"https:\/\/hadnews.com\/ro\/wp-json\/wp\/v2\/tags?post=76303"}],"curies":[{"name":"wp","href":"https:\/\/api.w.org\/{rel}","templated":true}]}}