{"id":77649,"date":"2024-09-10T18:18:12","date_gmt":"2024-09-10T16:18:12","guid":{"rendered":"https:\/\/hadnews.com\/ro\/reactia-cinica-a-barbatului-suspectat-de-dubla-crima-in-constanta\/"},"modified":"2024-09-10T18:18:12","modified_gmt":"2024-09-10T16:18:12","slug":"reactia-cinica-a-barbatului-suspectat-de-dubla-crima-in-constanta","status":"publish","type":"post","link":"https:\/\/hadnews.com\/ro\/reactia-cinica-a-barbatului-suspectat-de-dubla-crima-in-constanta\/","title":{"rendered":"Reac\u021bia cinic\u0103 a b\u0103rbatului suspectat de dubl\u0103 crim\u0103 \u00een Constan\u021ba"},"content":{"rendered":"<p>Un b\u0103rbat \u00een v\u00e2rst\u0103 de 33 de ani, suspectat de comiterea unei duble crime \u00een Constan\u021ba, \u0219i-a ar\u0103tat reac\u021bia cinic\u0103 \u00een fa\u021ba camerelor de filmat atunci c\u00e2nd a fost adus \u00een fa\u021ba autorit\u0103\u021bilor pentru interogatoriu. B\u0103rbatul a fost arestat sub suspiciunea c\u0103 ar fi ucis dou\u0103 persoane \u0219i a r\u0103nit o a treia, iar gesturile lui indiferente au \u0219ocat pe to\u021bi cei prezen\u021bi.<\/p>\n<p>\u00cen timp ce ofi\u021berii de poli\u021bie \u00eencercau s\u0103 ob\u021bin\u0103 informa\u021bii de la el, b\u0103rbatul p\u0103rea s\u0103 \u00ee\u0219i bat\u0103 joc de gravitatea acuza\u021biilor, sus\u021bin\u00e2nd c\u0103 este nevinovat \u0219i c\u0103 va reu\u0219i s\u0103 \u00ee\u0219i dovedeasc\u0103 nevinov\u0103\u021bia. Gesturile sale nep\u0103s\u0103toare \u0219i lipsa de regret pentru faptele comise au st\u00e2rnit controverse \u00een r\u00e2ndul opiniei publice, iar mul\u021bi au condamnat comportamentul s\u0103u cinic.<\/p>\n<p>Investiga\u021biile continu\u0103 \u00een acest caz \u0219ocant, iar autorit\u0103\u021bile fac apel la colaborarea popula\u021biei pentru a aduce \u00een fa\u021ba justi\u021biei pe b\u0103rbatul suspectat de dubl\u0103 crim\u0103. P\u00e2n\u0103 la solu\u021bionarea acestui caz, comunitatea din Constan\u021ba este \u00eengrijorat\u0103 \u0219i \u00ee\u0219i exprim\u0103 speran\u021ba c\u0103 vinova\u021bii vor fi tra\u0219i la r\u0103spundere pentru faptele lor.<\/p>\n<p><\/p>\n<div class=\"video-container\">\n    <iframe class=\"video\" src=\"https:\/\/www.youtube.com\/embed\/L17VjaP8oK0\" allowfullscreen><\/iframe>\n<\/div>\n<p><i>Video &#8220;Reac\u021bia cinic\u0103 a b\u0103rbatului suspectat de dubl\u0103 crim\u0103 \u00een Constan\u021ba\u201d a fost \u00eenc\u0103rcat pe 10\/09\/2024 pe canalul YouTube <a href=\"https:\/\/www.youtube.com\/channel\/UCDhQYbT-x0GzRLbdWKeK2XA\" target=\"_blank\" rel=\"noopener\"> Observator News <\/a><\/i><\/p>\n","protected":false},"excerpt":{"rendered":"<p>Un b\u0103rbat \u00een v\u00e2rst\u0103 de 33 de ani, suspectat de comiterea unei duble crime \u00een Constan\u021ba, \u0219i-a ar\u0103tat reac\u021bia cinic\u0103 \u00een fa\u021ba camerelor de filmat atunci c\u00e2nd a fost adus \u00een fa\u021ba autorit\u0103\u021bilor pentru interogatoriu. B\u0103rbatul a fost arestat sub suspiciunea c\u0103 ar fi&#8230;<\/p>\n","protected":false},"author":90,"featured_media":77650,"comment_status":"","ping_status":"open","sticky":false,"template":"","format":"standard","meta":{"footnotes":""},"categories":[1],"tags":[20244,58984,59272,13552],"class_list":{"0":"post-77649","1":"post","2":"type-post","3":"status-publish","4":"format-standard","5":"has-post-thumbnail","7":"category-societate","8":"tag-barbat","9":"tag-canal","10":"tag-constanta","11":"tag-crima"},"_links":{"self":[{"href":"https:\/\/hadnews.com\/ro\/wp-json\/wp\/v2\/posts\/77649","targetHints":{"allow":["GET"]}}],"collection":[{"href":"https:\/\/hadnews.com\/ro\/wp-json\/wp\/v2\/posts"}],"about":[{"href":"https:\/\/hadnews.com\/ro\/wp-json\/wp\/v2\/types\/post"}],"author":[{"embeddable":true,"href":"https:\/\/hadnews.com\/ro\/wp-json\/wp\/v2\/users\/90"}],"replies":[{"embeddable":true,"href":"https:\/\/hadnews.com\/ro\/wp-json\/wp\/v2\/comments?post=77649"}],"version-history":[{"count":0,"href":"https:\/\/hadnews.com\/ro\/wp-json\/wp\/v2\/posts\/77649\/revisions"}],"wp:featuredmedia":[{"embeddable":true,"href":"https:\/\/hadnews.com\/ro\/wp-json\/wp\/v2\/media\/77650"}],"wp:attachment":[{"href":"https:\/\/hadnews.com\/ro\/wp-json\/wp\/v2\/media?parent=77649"}],"wp:term":[{"taxonomy":"category","embeddable":true,"href":"https:\/\/hadnews.com\/ro\/wp-json\/wp\/v2\/categories?post=77649"},{"taxonomy":"post_tag","embeddable":true,"href":"https:\/\/hadnews.com\/ro\/wp-json\/wp\/v2\/tags?post=77649"}],"curies":[{"name":"wp","href":"https:\/\/api.w.org\/{rel}","templated":true}]}}