{"id":78232,"date":"2024-09-13T08:57:15","date_gmt":"2024-09-13T06:57:15","guid":{"rendered":"https:\/\/hadnews.com\/ro\/shadow-cabinet-with-vitalie-calugareanu-september-12-2024-edition\/"},"modified":"2024-09-13T08:57:15","modified_gmt":"2024-09-13T06:57:15","slug":"shadow-cabinet-with-vitalie-calugareanu-september-12-2024-edition","status":"publish","type":"post","link":"https:\/\/hadnews.com\/ro\/shadow-cabinet-with-vitalie-calugareanu-september-12-2024-edition\/","title":{"rendered":"Shadow Cabinet with Vitalie C\u0103lug\u0103reanu, September 12, 2024 edition"},"content":{"rendered":"<p>\u00cen cadrul edi\u021biei din 12 septembrie 2024 a emisiunii &#8220;Cabinetul din umbr\u0103&#8221; condus\u0103 de Vitalie C\u0103lug\u0103reanu, invita\u021bii de seam\u0103 au fost Vladimir Bolea, ministrul Agriculturii \u0219i Industriei Alimentare \u0219i Alexandru B\u0103d\u0103r\u0103u, director executiv al organiza\u021biei &#8220;For\u021ba Fermierilor&#8221;.<\/p>\n<p>Tema discu\u021biei a fost una de actualitate, abord\u00e2nd problemele \u0219i provoc\u0103rile cu care se confrunt\u0103 sectorul agricol din Republica Moldova. \u00cen cadrul unui dialog constructiv, cei doi invita\u021bi au expus viziunile \u0219i solu\u021biile propuse pentru \u00eembun\u0103t\u0103\u021birea situa\u021biei fermierilor din \u021bar\u0103.<\/p>\n<p>Ministrul Agriculturii \u0219i Industriei Alimentare, Vladimir Bolea, a prezentat strategiile \u0219i proiectele pe care le are \u00een vedere pentru sprijinirea agricultorilor \u0219i dezvoltarea durabil\u0103 a sectorului. De asemenea, Alexandru B\u0103d\u0103r\u0103u a subliniat importan\u021ba unei colabor\u0103ri str\u00e2nse \u00eentre autorit\u0103\u021bi \u0219i organiza\u021biile de fermieri pentru ob\u021binerea rezultatelor dorite.<\/p>\n<p>Emisiunea &#8220;Cabinetul din umbr\u0103&#8221; continu\u0103 s\u0103 abordeze subiecte de interes public \u0219i s\u0103 aduc\u0103 \u00een prim-plan personalit\u0103\u021bi cu expertiz\u0103 \u00een domenii relevante pentru societatea moldoveneasc\u0103.<\/p>\n<p><\/p>\n<div class=\"video-container\">\n    <iframe class=\"video\" src=\"https:\/\/www.youtube.com\/embed\/Kb2qgBDdWuU\" allowfullscreen><\/iframe>\n<\/div>\n<p><i>Video &#8220;Cabinetul din umbr\u0103 cu Vitalie C\u0103lug\u0103reanu, edi\u021bia din 12.09.2024\u201d a fost \u00eenc\u0103rcat pe 13\/09\/2024 pe canalul YouTube <a href=\"https:\/\/www.youtube.com\/channel\/UCJYCClZe1UppC6q3XJ4Mp2A\" target=\"_blank\" rel=\"noopener\"> Jurnal TV <\/a><\/i><\/p>\n","protected":false},"excerpt":{"rendered":"<p>\u00cen cadrul edi\u021biei din 12 septembrie 2024 a emisiunii &#8220;Cabinetul din umbr\u0103&#8221; condus\u0103 de Vitalie C\u0103lug\u0103reanu, invita\u021bii de seam\u0103 au fost Vladimir Bolea, ministrul Agriculturii \u0219i Industriei Alimentare \u0219i Alexandru B\u0103d\u0103r\u0103u, director executiv al&#8230;<\/p>\n","protected":false},"author":85,"featured_media":78233,"comment_status":"","ping_status":"open","sticky":false,"template":"","format":"standard","meta":{"footnotes":""},"categories":[8158],"tags":[59554,59555,59556],"class_list":{"0":"post-78232","1":"post","2":"type-post","3":"status-publish","4":"format-standard","5":"has-post-thumbnail","7":"category-stiri","8":"tag-agricultura","9":"tag-cabinetul-din-umbra","10":"tag-vitalie-calugareanu"},"_links":{"self":[{"href":"https:\/\/hadnews.com\/ro\/wp-json\/wp\/v2\/posts\/78232","targetHints":{"allow":["GET"]}}],"collection":[{"href":"https:\/\/hadnews.com\/ro\/wp-json\/wp\/v2\/posts"}],"about":[{"href":"https:\/\/hadnews.com\/ro\/wp-json\/wp\/v2\/types\/post"}],"author":[{"embeddable":true,"href":"https:\/\/hadnews.com\/ro\/wp-json\/wp\/v2\/users\/85"}],"replies":[{"embeddable":true,"href":"https:\/\/hadnews.com\/ro\/wp-json\/wp\/v2\/comments?post=78232"}],"version-history":[{"count":0,"href":"https:\/\/hadnews.com\/ro\/wp-json\/wp\/v2\/posts\/78232\/revisions"}],"wp:featuredmedia":[{"embeddable":true,"href":"https:\/\/hadnews.com\/ro\/wp-json\/wp\/v2\/media\/78233"}],"wp:attachment":[{"href":"https:\/\/hadnews.com\/ro\/wp-json\/wp\/v2\/media?parent=78232"}],"wp:term":[{"taxonomy":"category","embeddable":true,"href":"https:\/\/hadnews.com\/ro\/wp-json\/wp\/v2\/categories?post=78232"},{"taxonomy":"post_tag","embeddable":true,"href":"https:\/\/hadnews.com\/ro\/wp-json\/wp\/v2\/tags?post=78232"}],"curies":[{"name":"wp","href":"https:\/\/api.w.org\/{rel}","templated":true}]}}