{"id":78250,"date":"2024-09-13T10:31:19","date_gmt":"2024-09-13T08:31:19","guid":{"rendered":"https:\/\/hadnews.com\/ro\/relocarea-ursilor-de-la-vidraru-a-inceput\/"},"modified":"2024-09-13T10:31:19","modified_gmt":"2024-09-13T08:31:19","slug":"relocarea-ursilor-de-la-vidraru-a-inceput","status":"publish","type":"post","link":"https:\/\/hadnews.com\/ro\/relocarea-ursilor-de-la-vidraru-a-inceput\/","title":{"rendered":"Relocarea ur\u0219ilor de la Vidraru a \u00eenceput"},"content":{"rendered":"<p>A \u00eenceput relocarea ur\u0219ilor de pe Transf\u0103g\u0103r\u0103\u0219an, iar primele animale care vor fi mutate sunt o femel\u0103 \u0219i puiul s\u0103u care erau obi\u0219nui\u021bi s\u0103 fie hr\u0103ni\u021bi de turi\u0219ti de la marginea \u0219oselei. Aceste animale vor fi transferate \u00een Sanctuarul de la Z\u0103rne\u0219ti.<\/p>\n<p>Procesul de relocare implic\u0103 capturarea ur\u0219ilor \u00eentr-o cu\u0219c\u0103 special\u0103, cu ajutorul angaja\u021bilor Direc\u021biei Silvice Arge\u0219. Ministerul Mediului, Apelor \u0219i P\u0103durilor a emis ordinul necesar pentru aceast\u0103 opera\u021biune.<\/p>\n<p>O cu\u0219c\u0103 a fost deja montat\u0103 pentru capturarea unei ursoaice cu pui, care este a\u0219teptat\u0103 s\u0103 intre \u00een cu\u0219c\u0103 pentru hran\u0103, moment \u00een care aceasta se va \u00eenchide automat. Procesul de relocare poate dura c\u00e2teva zile, iar tranchilizarea ur\u0219ilor se va efectua doar \u00een cazuri de extrem\u0103 necesitate, conform reprezentan\u021bilor autorit\u0103\u021bilor.<\/p>\n<p>Ursoaica se afl\u0103 \u00een zona respectiv\u0103 de mai mult timp, \u00eens\u0103 \u00een acest an comportamentul s\u0103u a devenit agresiv. Relocarea acestor animale este esen\u021bial\u0103 pentru prevenirea situa\u021biilor periculoase \u00eentre ur\u0219i \u0219i turi\u0219ti, asigur\u00e2ndu-se astfel protec\u021bia at\u00e2t a oamenilor, c\u00e2t \u0219i a faunei s\u0103lbatice.<\/p>\n<p><\/p>\n<div class=\"video-container\">\n    <iframe class=\"video\" src=\"https:\/\/www.youtube.com\/embed\/Fe2-OLw8aVU\" allowfullscreen><\/iframe>\n<\/div>\n<p><i>Video &#8220;A \u00ceNCEPUT RELOCAREA UR\u0218ILOR DE LA VIDRARU\u201d a fost \u00eenc\u0103rcat pe 12\/09\/2024 pe canalul YouTube <a href=\"https:\/\/www.youtube.com\/channel\/UCr0bjXDk71i5-47jNml1zEw\" target=\"_blank\" rel=\"noopener\"> TVR Craiova <\/a><\/i><\/p>\n","protected":false},"excerpt":{"rendered":"<p>A \u00eenceput relocarea ur\u0219ilor de pe Transf\u0103g\u0103r\u0103\u0219an, iar primele animale care vor fi mutate sunt o femel\u0103 \u0219i puiul s\u0103u care erau obi\u0219nui\u021bi s\u0103 fie hr\u0103ni\u021bi de turi\u0219ti de la marginea \u0219oselei. Aceste animale vor fi transferate \u00een Sanctuarul de la Z\u0103rne\u0219ti. Procesul&#8230;<\/p>\n","protected":false},"author":87,"featured_media":78251,"comment_status":"","ping_status":"open","sticky":false,"template":"","format":"standard","meta":{"footnotes":""},"categories":[8158],"tags":[2460,58814,66819,64531],"class_list":{"0":"post-78250","1":"post","2":"type-post","3":"status-publish","4":"format-standard","5":"has-post-thumbnail","7":"category-stiri","8":"tag-animale","9":"tag-craiova","10":"tag-transfagarasan","11":"tag-ursi"},"_links":{"self":[{"href":"https:\/\/hadnews.com\/ro\/wp-json\/wp\/v2\/posts\/78250","targetHints":{"allow":["GET"]}}],"collection":[{"href":"https:\/\/hadnews.com\/ro\/wp-json\/wp\/v2\/posts"}],"about":[{"href":"https:\/\/hadnews.com\/ro\/wp-json\/wp\/v2\/types\/post"}],"author":[{"embeddable":true,"href":"https:\/\/hadnews.com\/ro\/wp-json\/wp\/v2\/users\/87"}],"replies":[{"embeddable":true,"href":"https:\/\/hadnews.com\/ro\/wp-json\/wp\/v2\/comments?post=78250"}],"version-history":[{"count":0,"href":"https:\/\/hadnews.com\/ro\/wp-json\/wp\/v2\/posts\/78250\/revisions"}],"wp:featuredmedia":[{"embeddable":true,"href":"https:\/\/hadnews.com\/ro\/wp-json\/wp\/v2\/media\/78251"}],"wp:attachment":[{"href":"https:\/\/hadnews.com\/ro\/wp-json\/wp\/v2\/media?parent=78250"}],"wp:term":[{"taxonomy":"category","embeddable":true,"href":"https:\/\/hadnews.com\/ro\/wp-json\/wp\/v2\/categories?post=78250"},{"taxonomy":"post_tag","embeddable":true,"href":"https:\/\/hadnews.com\/ro\/wp-json\/wp\/v2\/tags?post=78250"}],"curies":[{"name":"wp","href":"https:\/\/api.w.org\/{rel}","templated":true}]}}