{"id":79334,"date":"2024-09-17T19:16:10","date_gmt":"2024-09-17T17:16:10","guid":{"rendered":"https:\/\/hadnews.com\/ro\/with-books-in-hand-the-school-at-bunesti-part-i\/"},"modified":"2024-09-17T19:16:10","modified_gmt":"2024-09-17T17:16:10","slug":"with-books-in-hand-the-school-at-bunesti-part-i","status":"publish","type":"post","link":"https:\/\/hadnews.com\/ro\/with-books-in-hand-the-school-at-bunesti-part-i\/","title":{"rendered":"With Books in Hand &#8211; The School at Bune\u0219ti, Part I"},"content":{"rendered":"<p>\u00cenainte de a deveni o \u0219coal\u0103, locul de la Bune\u0219ti a fost g\u00e2ndit ca un loc de refugiu, unde oamenii s\u0103 poat\u0103 redescoperi tradi\u021biile autentice \u0219i s\u0103 se reconecteze cu natura. Pe l\u00e2ng\u0103 construc\u021biile tradi\u021bionale din lemn, \u0219coala g\u0103zduie\u0219te ateliere, conferin\u021be, tabere \u0219i evenimente culturale, toate av\u00e2nd ca scop explorarea \u0219i cultivarea cunoa\u0219terii \u00eentr-un mod interdisciplinar.<\/p>\n<p>\u00cen primul episod al emisiunii &#8220;Cu c\u0103r\u021bile pe fa\u021b\u0103&#8221;, realizatorul \u0219i moderatorul Mirela Giodea \u00eei aduce \u00een prim-plan pe Ana Maria Goilov \u0219i Petre Guran, fondatorii acestei \u0219coli inovatoare. Cei doi vorbesc despre inspira\u021bia care a stat la baza proiectului, despre principiile fundamentale ale acestuia \u0219i despre beneficiile pe care le aduce comunit\u0103\u021bii locale \u0219i celor care trec pragul \u0219colii.<\/p>\n<p>Cu siguran\u021b\u0103, \u0218coala de la Bune\u0219ti reprezint\u0103 un cadru educa\u021bional unic, care \u00eencurajeaz\u0103 g\u00e2ndirea critic\u0103, creativitatea \u0219i dorin\u021ba de cunoa\u0219tere. Prin promovarea valorilor autentice \u0219i a educa\u021biei non-formale, acest loc devine o oaz\u0103 de \u00eenv\u0103\u021bare \u0219i de explorare a \u00een\u021belepciunii umane.<\/p>\n<p><\/p>\n<div class=\"video-container\">\n    <iframe class=\"video\" src=\"https:\/\/www.youtube.com\/embed\/V3qP48okOJg\" allowfullscreen><\/iframe>\n<\/div>\n<p><i>Video &#8220;Cu c\u0103r\u021bile pe fa\u021b\u0103 &#8211; \u0218coala de la Bune\u0219ti, partea I\u201d a fost \u00eenc\u0103rcat pe 17\/09\/2024 pe canalul YouTube <a href=\"https:\/\/www.youtube.com\/channel\/UCr0bjXDk71i5-47jNml1zEw\" target=\"_blank\" rel=\"noopener\"> TVR Craiova <\/a><\/i><\/p>\n","protected":false},"excerpt":{"rendered":"<p>\u00cenainte de a deveni o \u0219coal\u0103, locul de la Bune\u0219ti a fost g\u00e2ndit ca un loc de refugiu, unde oamenii s\u0103 poat\u0103 redescoperi tradi\u021biile autentice \u0219i s\u0103 se reconecteze cu natura. Pe l\u00e2ng\u0103 construc\u021biile tradi\u021bionale din lemn, \u0219coala g\u0103zduie\u0219te ateliere, conferin\u021be,&#8230;<\/p>\n","protected":false},"author":87,"featured_media":79335,"comment_status":"","ping_status":"open","sticky":false,"template":"","format":"standard","meta":{"footnotes":""},"categories":[8158],"tags":[61767,58814],"class_list":{"0":"post-79334","1":"post","2":"type-post","3":"status-publish","4":"format-standard","5":"has-post-thumbnail","7":"category-stiri","8":"tag-arges","9":"tag-craiova"},"_links":{"self":[{"href":"https:\/\/hadnews.com\/ro\/wp-json\/wp\/v2\/posts\/79334","targetHints":{"allow":["GET"]}}],"collection":[{"href":"https:\/\/hadnews.com\/ro\/wp-json\/wp\/v2\/posts"}],"about":[{"href":"https:\/\/hadnews.com\/ro\/wp-json\/wp\/v2\/types\/post"}],"author":[{"embeddable":true,"href":"https:\/\/hadnews.com\/ro\/wp-json\/wp\/v2\/users\/87"}],"replies":[{"embeddable":true,"href":"https:\/\/hadnews.com\/ro\/wp-json\/wp\/v2\/comments?post=79334"}],"version-history":[{"count":0,"href":"https:\/\/hadnews.com\/ro\/wp-json\/wp\/v2\/posts\/79334\/revisions"}],"wp:featuredmedia":[{"embeddable":true,"href":"https:\/\/hadnews.com\/ro\/wp-json\/wp\/v2\/media\/79335"}],"wp:attachment":[{"href":"https:\/\/hadnews.com\/ro\/wp-json\/wp\/v2\/media?parent=79334"}],"wp:term":[{"taxonomy":"category","embeddable":true,"href":"https:\/\/hadnews.com\/ro\/wp-json\/wp\/v2\/categories?post=79334"},{"taxonomy":"post_tag","embeddable":true,"href":"https:\/\/hadnews.com\/ro\/wp-json\/wp\/v2\/tags?post=79334"}],"curies":[{"name":"wp","href":"https:\/\/api.w.org\/{rel}","templated":true}]}}