{"id":79939,"date":"2024-09-19T21:15:00","date_gmt":"2024-09-19T19:15:00","guid":{"rendered":"https:\/\/hadnews.com\/ro\/agricultorii-din-nord-exporta-in-uniunea-europeana\/"},"modified":"2024-09-19T21:15:00","modified_gmt":"2024-09-19T19:15:00","slug":"agricultorii-din-nord-exporta-in-uniunea-europeana","status":"publish","type":"post","link":"https:\/\/hadnews.com\/ro\/agricultorii-din-nord-exporta-in-uniunea-europeana\/","title":{"rendered":"Agricultorii din nord export\u0103 \u00een Uniunea European\u0103."},"content":{"rendered":"<p>Doi agricultori din nordul Republicii Moldova au reu\u0219it s\u0103 cucereasc\u0103 pie\u021bele europene cu mere \u0219i pere de calitate, gra\u021bie moderniz\u0103rii proceselor de produc\u021bie \u0219i sus\u021binerii financiare din partea Uniunii Europene.<\/p>\n<p>Valeriu Matcovschi \u0219i Ruslan Jub\u00eerc\u0103 sunt doi fermieri care au reu\u0219it s\u0103 fac\u0103 fa\u021b\u0103 cererii din blocul comunitar, datorit\u0103 eforturilor lor \u0219i sprijinului primit. Produsele lor au ajuns s\u0103 fie apreciate pe pia\u021ba occidental\u0103, ceea ce a permis o extindere a afacerii lor \u0219i o cre\u0219tere a v\u00e2nz\u0103rilor.<\/p>\n<p>Agricultorii moldoveni au reu\u0219it s\u0103 se adapteze la standardele europene \u0219i s\u0103 ofere produse proaspete \u0219i de calitate, ceea ce le-a deschis por\u021bile c\u0103tre un nou nivel de afaceri. Exporturile lor c\u0103tre UE au devenit o surs\u0103 de venit stabil\u0103 \u0219i promi\u021b\u0103toare pentru viitorul companiilor lor.<\/p>\n<p>Cu ambi\u021bia \u0219i determinarea de a inova \u0219i a se adapta la cerin\u021bele pie\u021bei europene, Valeriu Matcovschi \u0219i Ruslan Jub\u00eerc\u0103 demonstreaz\u0103 c\u0103 agricultura din Republica Moldova poate reprezenta o surs\u0103 de cre\u0219tere economic\u0103 \u0219i de succes \u00een exporturile c\u0103tre Uniunea European\u0103.<\/p>\n<p><\/p>\n<div class=\"video-container\">\n    <iframe class=\"video\" src=\"https:\/\/www.youtube.com\/embed\/007iUWoU7Uo\" allowfullscreen><\/iframe>\n<\/div>\n<p><i>Video &#8220;Agricultorii de la nord export\u0103 \u00een UE\u201d a fost \u00eenc\u0103rcat pe 19\/09\/2024 pe canalul YouTube <a href=\"https:\/\/www.youtube.com\/channel\/UCJYCClZe1UppC6q3XJ4Mp2A\" target=\"_blank\" rel=\"noopener\"> Jurnal TV <\/a><\/i><\/p>\n","protected":false},"excerpt":{"rendered":"<p>Doi agricultori din nordul Republicii Moldova au reu\u0219it s\u0103 cucereasc\u0103 pie\u021bele europene cu mere \u0219i pere de calitate, gra\u021bie moderniz\u0103rii proceselor de produc\u021bie \u0219i sus\u021binerii financiare din partea Uniunii Europene. Valeriu Matcovschi \u0219i Ruslan Jub\u00eerc\u0103 sunt doi&#8230;<\/p>\n","protected":false},"author":85,"featured_media":79940,"comment_status":"","ping_status":"open","sticky":false,"template":"","format":"standard","meta":{"footnotes":""},"categories":[8158],"tags":[59328,68500,61538,5469],"class_list":{"0":"post-79939","1":"post","2":"type-post","3":"status-publish","4":"format-standard","5":"has-post-thumbnail","7":"category-stiri","8":"tag-export","9":"tag-financiar","10":"tag-produse","11":"tag-ue"},"_links":{"self":[{"href":"https:\/\/hadnews.com\/ro\/wp-json\/wp\/v2\/posts\/79939","targetHints":{"allow":["GET"]}}],"collection":[{"href":"https:\/\/hadnews.com\/ro\/wp-json\/wp\/v2\/posts"}],"about":[{"href":"https:\/\/hadnews.com\/ro\/wp-json\/wp\/v2\/types\/post"}],"author":[{"embeddable":true,"href":"https:\/\/hadnews.com\/ro\/wp-json\/wp\/v2\/users\/85"}],"replies":[{"embeddable":true,"href":"https:\/\/hadnews.com\/ro\/wp-json\/wp\/v2\/comments?post=79939"}],"version-history":[{"count":0,"href":"https:\/\/hadnews.com\/ro\/wp-json\/wp\/v2\/posts\/79939\/revisions"}],"wp:featuredmedia":[{"embeddable":true,"href":"https:\/\/hadnews.com\/ro\/wp-json\/wp\/v2\/media\/79940"}],"wp:attachment":[{"href":"https:\/\/hadnews.com\/ro\/wp-json\/wp\/v2\/media?parent=79939"}],"wp:term":[{"taxonomy":"category","embeddable":true,"href":"https:\/\/hadnews.com\/ro\/wp-json\/wp\/v2\/categories?post=79939"},{"taxonomy":"post_tag","embeddable":true,"href":"https:\/\/hadnews.com\/ro\/wp-json\/wp\/v2\/tags?post=79939"}],"curies":[{"name":"wp","href":"https:\/\/api.w.org\/{rel}","templated":true}]}}