{"id":80054,"date":"2024-09-20T10:41:13","date_gmt":"2024-09-20T08:41:13","guid":{"rendered":"https:\/\/hadnews.com\/ro\/fire-out-of-control-in-gherla-cluj-20-09-2024\/"},"modified":"2024-09-20T10:41:13","modified_gmt":"2024-09-20T08:41:13","slug":"fire-out-of-control-in-gherla-cluj-20-09-2024","status":"publish","type":"post","link":"https:\/\/hadnews.com\/ro\/fire-out-of-control-in-gherla-cluj-20-09-2024\/","title":{"rendered":"Fire Out of Control in Gherla (Cluj) 20\/09\/2024"},"content":{"rendered":"<p>Un incendiu puternic a izbucnit vineri diminea\u021ba \u00een ora\u0219ul Gherla din jude\u021bul Cluj, dup\u0103 ce fl\u0103c\u0103rile au sc\u0103pat de sub control \u00een spatele unei hale de pe strada Clujului. Un nor dens de fum negru s-a ridicat \u00een aer, cre\u00e2nd panic\u0103 printre locuitorii din zon\u0103.<\/p>\n<p>Pompierii au intervenit de urgen\u021b\u0103, \u00eencerc\u00e2nd s\u0103 limiteze pagubele \u0219i s\u0103 sting\u0103 focul care se extindea rapid. Echipajele de interven\u021bie au f\u0103cut tot posibilul s\u0103 \u00eempiedice r\u0103sp\u00e2ndirea fl\u0103c\u0103rilor la cl\u0103dirile \u00eenvecinate, pentru a proteja locuin\u021bele \u0219i vie\u021bile oamenilor.<\/p>\n<p>Imaginile video surprinse \u00een timpul incendiului arat\u0103 c\u00e2t de puternic a fost focul \u0219i eforturile eroice ale pompierilor de a-\u0219i pune via\u021ba \u00een pericol pentru a salva propriet\u0103\u021bile \u0219i vie\u021bile oamenilor. Autorit\u0103\u021bile locale au luat m\u0103suri pentru a gestiona situa\u021bia \u0219i a asigura siguran\u021ba cet\u0103\u021benilor.<\/p>\n<p>Incendiul a st\u00e2rnit \u00eengrijorare printre locuitorii din Gherla, care au urm\u0103rit cu team\u0103 evolu\u021bia situa\u021biei. \u00cen ciuda eforturilor depuse, fl\u0103c\u0103rile au provocat pagube semnificative, iar autorit\u0103\u021bile vor investiga cauzele exacte ale incendiului.<\/p>\n<p>\u00cen aceste momente dificile, solidaritatea comunit\u0103\u021bii este esen\u021bial\u0103, iar sprijinul reciproc este vital pentru a face fa\u021b\u0103 consecin\u021belor tragice ale unui incendiu devastator. Sper\u0103m ca autorit\u0103\u021bile s\u0103 reu\u0219easc\u0103 s\u0103 gestioneze situa\u021bia \u0219i s\u0103 evite alte tragedii asem\u0103n\u0103toare \u00een viitor.<\/p>\n<p><\/p>\n<div class=\"video-container\">\n    <iframe class=\"video\" src=\"https:\/\/www.youtube.com\/embed\/QZAj1cpyvNA\" allowfullscreen><\/iframe>\n<\/div>\n<p><i>Video &#8220;Incendiu scapat de sub control Gherla (Cluj) 20 09 2024\u201d a fost \u00eenc\u0103rcat pe 20\/09\/2024 pe canalul YouTube <a href=\"https:\/\/www.youtube.com\/channel\/UCsaWBFFkiI-QJYbuH9_YHxg\" target=\"_blank\" rel=\"noopener\"> Gherla INFO <\/a><\/i><\/p>\n","protected":false},"excerpt":{"rendered":"<p>Un incendiu puternic a izbucnit vineri diminea\u021ba \u00een ora\u0219ul Gherla din jude\u021bul Cluj, dup\u0103 ce fl\u0103c\u0103rile au sc\u0103pat de sub control \u00een spatele unei hale de pe strada Clujului. Un nor dens de fum negru s-a ridicat \u00een aer, cre\u00e2nd panic\u0103 printre locuitorii din zon\u0103&#8230;<\/p>\n","protected":false},"author":89,"featured_media":80055,"comment_status":"","ping_status":"open","sticky":false,"template":"","format":"standard","meta":{"footnotes":""},"categories":[1],"tags":[2710,2619,58841,3683],"class_list":{"0":"post-80054","1":"post","2":"type-post","3":"status-publish","4":"format-standard","5":"has-post-thumbnail","7":"category-societate","8":"tag-2710","9":"tag-cluj","10":"tag-gherla","11":"tag-incendiu"},"_links":{"self":[{"href":"https:\/\/hadnews.com\/ro\/wp-json\/wp\/v2\/posts\/80054","targetHints":{"allow":["GET"]}}],"collection":[{"href":"https:\/\/hadnews.com\/ro\/wp-json\/wp\/v2\/posts"}],"about":[{"href":"https:\/\/hadnews.com\/ro\/wp-json\/wp\/v2\/types\/post"}],"author":[{"embeddable":true,"href":"https:\/\/hadnews.com\/ro\/wp-json\/wp\/v2\/users\/89"}],"replies":[{"embeddable":true,"href":"https:\/\/hadnews.com\/ro\/wp-json\/wp\/v2\/comments?post=80054"}],"version-history":[{"count":0,"href":"https:\/\/hadnews.com\/ro\/wp-json\/wp\/v2\/posts\/80054\/revisions"}],"wp:featuredmedia":[{"embeddable":true,"href":"https:\/\/hadnews.com\/ro\/wp-json\/wp\/v2\/media\/80055"}],"wp:attachment":[{"href":"https:\/\/hadnews.com\/ro\/wp-json\/wp\/v2\/media?parent=80054"}],"wp:term":[{"taxonomy":"category","embeddable":true,"href":"https:\/\/hadnews.com\/ro\/wp-json\/wp\/v2\/categories?post=80054"},{"taxonomy":"post_tag","embeddable":true,"href":"https:\/\/hadnews.com\/ro\/wp-json\/wp\/v2\/tags?post=80054"}],"curies":[{"name":"wp","href":"https:\/\/api.w.org\/{rel}","templated":true}]}}