{"id":80448,"date":"2024-09-22T10:03:41","date_gmt":"2024-09-22T08:03:41","guid":{"rendered":"https:\/\/hadnews.com\/ro\/power-of-dance-edition-of-22-09-2024\/"},"modified":"2024-09-22T10:03:41","modified_gmt":"2024-09-22T08:03:41","slug":"power-of-dance-edition-of-22-09-2024","status":"publish","type":"post","link":"https:\/\/hadnews.com\/ro\/power-of-dance-edition-of-22-09-2024\/","title":{"rendered":"&#8220;Power of Dance&#8221;, edition of 22.09.2024"},"content":{"rendered":"<p>Principalul proiect TV de dans din Republica Moldova, \u201ePuterea Dansului\u201d, sezonul V, a revenit \u00een aten\u021bia publicului \u00een aceast\u0103 toamn\u0103. Edi\u021bia din 22 septembrie 2024 s-a dovedit a fi una plin\u0103 de energie \u0219i talent.<\/p>\n<p>\u00cen fiecare duminic\u0103, de la ora 10:20, telespectatorii au ocazia s\u0103 se bucure de spectacolele de dans extraordinare prezentate \u00een cadrul emisiunii \u201ePuterea Dansului\u201d. Concuren\u021bii cu abilit\u0103\u021bi impresionante \u0219i pasiune pentru dans demonstreaz\u0103 pe scena show-ului c\u0103 nimic nu poate sta \u00een calea viselor lor.<\/p>\n<p>Edi\u021bia din 22 septembrie a eviden\u021biat nu doar talentul \u0219i dedicarea participan\u021bilor, ci \u0219i creativitatea \u0219i originalitatea coregrafiilor prezentate. Energiea debordant\u0103 \u0219i spectacolul vizual oferit de fiecare moment de dans au captivat \u0219i emo\u021bionat publicul prezent \u00een studio \u0219i de acas\u0103.<\/p>\n<p>\u201ePuterea Dansului\u201d este un show de talente care reu\u0219e\u0219te s\u0103 aduc\u0103 \u00een prim-plan arta \u0219i pasiunea pentru dans, oferind o platform\u0103 pentru promovarea tinerilor \u0219i talenta\u021bilor dansatori din Republica Moldova.<\/p>\n<p>Nu rata\u021bi urm\u0103toarea edi\u021bie a emisiunii \u201ePuterea Dansului\u201d pentru a fi martorii unor performan\u021be de excep\u021bie \u0219i pentru a v\u0103 bucura de emo\u021biile \u0219i povestea fiec\u0103rui dansator din concurs.<\/p>\n<p><\/p>\n<div class=\"video-container\">\n    <iframe class=\"video\" src=\"https:\/\/www.youtube.com\/embed\/SUYmddwYFsM\" allowfullscreen><\/iframe>\n<\/div>\n<p><i>Video &#8220;\u201ePuterea dansului\u201d, edi\u021bia din 22.09.2024\u201d a fost \u00eenc\u0103rcat pe 22\/09\/2024 pe canalul YouTube <a href=\"https:\/\/www.youtube.com\/channel\/UCJYCClZe1UppC6q3XJ4Mp2A\" target=\"_blank\" rel=\"noopener\"> Jurnal TV <\/a><\/i><\/p>\n","protected":false},"excerpt":{"rendered":"<p>Principalul proiect TV de dans din Republica Moldova, \u201ePuterea Dansului\u201d, sezonul V, a revenit \u00een aten\u021bia publicului \u00een aceast\u0103 toamn\u0103. Edi\u021bia din 22 septembrie 2024 s-a dovedit a fi una plin\u0103 de energie \u0219i talent. \u00cen fiecare duminic\u0103, de la ora 10:20,&#8230;<\/p>\n","protected":false},"author":85,"featured_media":80449,"comment_status":"","ping_status":"open","sticky":false,"template":"","format":"standard","meta":{"footnotes":""},"categories":[8158],"tags":[63244,58798,67652,4248,14841],"class_list":{"0":"post-80448","1":"post","2":"type-post","3":"status-publish","4":"format-standard","5":"has-post-thumbnail","7":"category-stiri","8":"tag-dans","9":"tag-jurnal-tv","10":"tag-puterea-dansului","11":"tag-republica-moldova","12":"tag-tv"},"_links":{"self":[{"href":"https:\/\/hadnews.com\/ro\/wp-json\/wp\/v2\/posts\/80448","targetHints":{"allow":["GET"]}}],"collection":[{"href":"https:\/\/hadnews.com\/ro\/wp-json\/wp\/v2\/posts"}],"about":[{"href":"https:\/\/hadnews.com\/ro\/wp-json\/wp\/v2\/types\/post"}],"author":[{"embeddable":true,"href":"https:\/\/hadnews.com\/ro\/wp-json\/wp\/v2\/users\/85"}],"replies":[{"embeddable":true,"href":"https:\/\/hadnews.com\/ro\/wp-json\/wp\/v2\/comments?post=80448"}],"version-history":[{"count":0,"href":"https:\/\/hadnews.com\/ro\/wp-json\/wp\/v2\/posts\/80448\/revisions"}],"wp:featuredmedia":[{"embeddable":true,"href":"https:\/\/hadnews.com\/ro\/wp-json\/wp\/v2\/media\/80449"}],"wp:attachment":[{"href":"https:\/\/hadnews.com\/ro\/wp-json\/wp\/v2\/media?parent=80448"}],"wp:term":[{"taxonomy":"category","embeddable":true,"href":"https:\/\/hadnews.com\/ro\/wp-json\/wp\/v2\/categories?post=80448"},{"taxonomy":"post_tag","embeddable":true,"href":"https:\/\/hadnews.com\/ro\/wp-json\/wp\/v2\/tags?post=80448"}],"curies":[{"name":"wp","href":"https:\/\/api.w.org\/{rel}","templated":true}]}}