{"id":80575,"date":"2024-09-22T21:22:12","date_gmt":"2024-09-22T19:22:12","guid":{"rendered":"https:\/\/hadnews.com\/ro\/all-together-22-09-2024\/"},"modified":"2024-09-22T21:22:12","modified_gmt":"2024-09-22T19:22:12","slug":"all-together-22-09-2024","status":"publish","type":"post","link":"https:\/\/hadnews.com\/ro\/all-together-22-09-2024\/","title":{"rendered":"All Together &#8211; 22.09.2024"},"content":{"rendered":"<p>&#8220;To\u021bi \u00cempreun\u0103&#8221; este o emisiune dedicat\u0103 minorit\u0103\u021bilor na\u021bionale, care prezint\u0103 o diversitate de 55 de minute. \u00centr-o nou\u0103 edi\u021bie, telespectatorii vor avea ocazia s\u0103 descopere re\u021beta cafelei armene\u0219ti, precum \u0219i pove\u0219ti despre familiile celebre de armeni din Craiova.<\/p>\n<p>\u00cen cadrul acestei edi\u021bii, telespectatorii vor putea urm\u0103ri rubrica &#8220;O carte&#8230;o minoritate&#8221;, care va oferi o incursiune \u00een bog\u0103\u021bia cultural\u0103 a exilului rom\u00e2nesc, sub \u00eendrumarea Muzeului C\u0103r\u021bii \u0219i Exilului Rom\u00e2nesc. De asemenea, fiecare etnie prezint\u0103 farmecul s\u0103u distinct, cu pove\u0219ti captivante \u0219i o diversitate aparte. Prin unirea tuturor minorit\u0103\u021bilor, cu obiceiurile \u0219i tradi\u021biile lor, se creeaz\u0103 un tablou complet \u0219i plin de culoare.<\/p>\n<p>\u00cen plus, edi\u021bia va cuprinde \u0219i un reportaj despre &#8220;Caravana Romilor&#8221;, care a ajuns \u00een Craiova. Emisiunea va aborda teme precum muzica, filmul, gastronomia, poeziile, obiceiurile \u0219i tradi\u021biile. Nu trebuie s\u0103 rata\u021bi rubrica &#8220;Romi pentru Oltenia&#8221;, care promite s\u0103 fie una memorabil\u0103.<\/p>\n<p>Moderatorul \u0219i realizatorul emisiunii este Marga Bulugean, iar editorul imagine este Ramona Popa. &#8220;To\u021bi \u00cempreun\u0103&#8221; ofer\u0103 o platform\u0103 de valorizare a diversit\u0103\u021bii culturale \u0219i etnice din Rom\u00e2nia, subliniind importan\u021ba interac\u021biunii \u0219i \u00een\u021belegerii \u00eentre diferitele comunit\u0103\u021bi.<\/p>\n<p><\/p>\n<div class=\"video-container\">\n    <iframe class=\"video\" src=\"https:\/\/www.youtube.com\/embed\/nfEvcKUXtHA\" allowfullscreen><\/iframe>\n<\/div>\n<p><i>Video &#8220;To\u021bi \u00cempreun\u0103 &#8211; 22.09.2024\u201d a fost \u00eenc\u0103rcat pe 22\/09\/2024 pe canalul YouTube <a href=\"https:\/\/www.youtube.com\/channel\/UCr0bjXDk71i5-47jNml1zEw\" target=\"_blank\" rel=\"noopener\"> TVR Craiova <\/a><\/i><\/p>\n","protected":false},"excerpt":{"rendered":"<p>&#8220;To\u021bi \u00cempreun\u0103&#8221; este o emisiune dedicat\u0103 minorit\u0103\u021bilor na\u021bionale, care prezint\u0103 o diversitate de 55 de minute. \u00centr-o nou\u0103 edi\u021bie, telespectatorii vor avea ocazia s\u0103 descopere re\u021beta cafelei armene\u0219ti, precum \u0219i pove\u0219ti despre familiile celebre de&#8230;<\/p>\n","protected":false},"author":87,"featured_media":80576,"comment_status":"","ping_status":"open","sticky":false,"template":"","format":"standard","meta":{"footnotes":""},"categories":[8158],"tags":[58814,59851,15243],"class_list":{"0":"post-80575","1":"post","2":"type-post","3":"status-publish","4":"format-standard","5":"has-post-thumbnail","7":"category-stiri","8":"tag-craiova","9":"tag-diversitate","10":"tag-emisiune"},"_links":{"self":[{"href":"https:\/\/hadnews.com\/ro\/wp-json\/wp\/v2\/posts\/80575","targetHints":{"allow":["GET"]}}],"collection":[{"href":"https:\/\/hadnews.com\/ro\/wp-json\/wp\/v2\/posts"}],"about":[{"href":"https:\/\/hadnews.com\/ro\/wp-json\/wp\/v2\/types\/post"}],"author":[{"embeddable":true,"href":"https:\/\/hadnews.com\/ro\/wp-json\/wp\/v2\/users\/87"}],"replies":[{"embeddable":true,"href":"https:\/\/hadnews.com\/ro\/wp-json\/wp\/v2\/comments?post=80575"}],"version-history":[{"count":0,"href":"https:\/\/hadnews.com\/ro\/wp-json\/wp\/v2\/posts\/80575\/revisions"}],"wp:featuredmedia":[{"embeddable":true,"href":"https:\/\/hadnews.com\/ro\/wp-json\/wp\/v2\/media\/80576"}],"wp:attachment":[{"href":"https:\/\/hadnews.com\/ro\/wp-json\/wp\/v2\/media?parent=80575"}],"wp:term":[{"taxonomy":"category","embeddable":true,"href":"https:\/\/hadnews.com\/ro\/wp-json\/wp\/v2\/categories?post=80575"},{"taxonomy":"post_tag","embeddable":true,"href":"https:\/\/hadnews.com\/ro\/wp-json\/wp\/v2\/tags?post=80575"}],"curies":[{"name":"wp","href":"https:\/\/api.w.org\/{rel}","templated":true}]}}