{"id":81221,"date":"2024-09-25T10:03:57","date_gmt":"2024-09-25T08:03:57","guid":{"rendered":"https:\/\/hadnews.com\/ro\/zelenski-believes-that-ukraine-is-closer-to-peace-than-we-think\/"},"modified":"2024-09-25T10:03:57","modified_gmt":"2024-09-25T08:03:57","slug":"zelenski-believes-that-ukraine-is-closer-to-peace-than-we-think","status":"publish","type":"post","link":"https:\/\/hadnews.com\/ro\/zelenski-believes-that-ukraine-is-closer-to-peace-than-we-think\/","title":{"rendered":"Zelenski believes that &#8220;Ukraine is closer to peace than we think&#8221;"},"content":{"rendered":"<p>Pre\u0219edintele Ucrainei, Volodimir Zelenski, a declarat recent c\u0103 crede c\u0103 \u021bara sa se afl\u0103 mai aproape de pace dec\u00e2t se crede, \u00een contextul conflictului continuu din estul Ucrainei. Declara\u021bia sa a fost \u00eent\u00e2mpinat\u0103 cu scepticism din partea purt\u0103torului de cuv\u00e2nt al Kremlinului, care a afirmat c\u0103 r\u0103zboiul din regiune se va \u00eencheia doar atunci c\u00e2nd Rusia \u00ee\u0219i va atinge obiectivele.<\/p>\n<p>Rela\u021biile dintre Ucraina \u0219i Rusia r\u0103m\u00e2n tensionate, iar conflictele armate din estul Ucrainei au f\u0103cut ravagii \u00een regiune de mai bine de \u0219apte ani. Cu toate acestea, Zelenski pare s\u0103 fie optimist \u00een privin\u021ba unei posibile solu\u021bii pa\u0219nice a conflictului.<\/p>\n<p>Ru\u015fii au anexat Crimeea \u00een 2014 \u015fi sus\u0163in separati\u015ftii proru\u015fi din estul Ucrainei, ceea ce a dus la confrunt\u0103ri violente \u0219i pierderi de vie\u021bi omene\u0219ti. Chiar dac\u0103 un acord de \u00eencetare a focului a fost semnat \u00een 2015, tensiunile persist\u0103 \u0219i exist\u0103 temeri c\u0103 conflictul ar putea escalada din nou.<\/p>\n<p>\u00cen ciuda declara\u021biilor zeloase ale purt\u0103torului de cuv\u00e2nt al Kremlinului, speran\u021ba pentru o solu\u021bie pa\u0219nic\u0103 a conflictului din estul Ucrainei r\u0103m\u00e2ne vie. Cu toate acestea, calea c\u0103tre pace \u0219i reconciliere r\u0103m\u00e2ne \u00eenc\u0103 grea \u0219i plin\u0103 de provoc\u0103ri.<\/p>\n<p><\/p>\n<div class=\"video-container\">\n    <iframe class=\"video\" src=\"https:\/\/www.youtube.com\/embed\/Rk6nLxN4mv4\" allowfullscreen><\/iframe>\n<\/div>\n<p><i>Video &#8220;Zelenski crede c\u0103 \u201eUcraina se afl\u0103 mai aproape de pace dec\u00e2t credem\u201d\u201d a fost \u00eenc\u0103rcat pe 25\/09\/2024 pe canalul YouTube <a href=\"https:\/\/www.youtube.com\/channel\/UCbvKamSrJkwT6ed2BMMZXwg\" target=\"_blank\" rel=\"noopener\"> Digi24HD <\/a><\/i><\/p>\n","protected":false},"excerpt":{"rendered":"<p>Pre\u0219edintele Ucrainei, Volodimir Zelenski, a declarat recent c\u0103 crede c\u0103 \u021bara sa se afl\u0103 mai aproape de pace dec\u00e2t se crede, \u00een contextul conflictului continuu din estul Ucrainei. Declara\u021bia sa a fost \u00eent\u00e2mpinat\u0103 cu scepticism din partea purt\u0103torului de cuv\u00e2nt&#8230;<\/p>\n","protected":false},"author":83,"featured_media":81222,"comment_status":"","ping_status":"open","sticky":false,"template":"","format":"standard","meta":{"footnotes":""},"categories":[8158],"tags":[62883,4277,2473,2481,61897],"class_list":{"0":"post-81221","1":"post","2":"type-post","3":"status-publish","4":"format-standard","5":"has-post-thumbnail","7":"category-stiri","8":"tag-pace","9":"tag-razboi","10":"tag-rusia","11":"tag-ucraina","12":"tag-zelenski"},"_links":{"self":[{"href":"https:\/\/hadnews.com\/ro\/wp-json\/wp\/v2\/posts\/81221","targetHints":{"allow":["GET"]}}],"collection":[{"href":"https:\/\/hadnews.com\/ro\/wp-json\/wp\/v2\/posts"}],"about":[{"href":"https:\/\/hadnews.com\/ro\/wp-json\/wp\/v2\/types\/post"}],"author":[{"embeddable":true,"href":"https:\/\/hadnews.com\/ro\/wp-json\/wp\/v2\/users\/83"}],"replies":[{"embeddable":true,"href":"https:\/\/hadnews.com\/ro\/wp-json\/wp\/v2\/comments?post=81221"}],"version-history":[{"count":0,"href":"https:\/\/hadnews.com\/ro\/wp-json\/wp\/v2\/posts\/81221\/revisions"}],"wp:featuredmedia":[{"embeddable":true,"href":"https:\/\/hadnews.com\/ro\/wp-json\/wp\/v2\/media\/81222"}],"wp:attachment":[{"href":"https:\/\/hadnews.com\/ro\/wp-json\/wp\/v2\/media?parent=81221"}],"wp:term":[{"taxonomy":"category","embeddable":true,"href":"https:\/\/hadnews.com\/ro\/wp-json\/wp\/v2\/categories?post=81221"},{"taxonomy":"post_tag","embeddable":true,"href":"https:\/\/hadnews.com\/ro\/wp-json\/wp\/v2\/tags?post=81221"}],"curies":[{"name":"wp","href":"https:\/\/api.w.org\/{rel}","templated":true}]}}