{"id":82046,"date":"2024-09-27T21:30:01","date_gmt":"2024-09-27T19:30:01","guid":{"rendered":"https:\/\/hadnews.com\/ro\/retinuti-pentru-provocari-la-destabilizare\/"},"modified":"2024-09-27T21:30:01","modified_gmt":"2024-09-27T19:30:01","slug":"retinuti-pentru-provocari-la-destabilizare","status":"publish","type":"post","link":"https:\/\/hadnews.com\/ro\/retinuti-pentru-provocari-la-destabilizare\/","title":{"rendered":"Re\u021binu\u021bi pentru provoc\u0103ri la destabilizare"},"content":{"rendered":"<p>Doi b\u0103rba\u021bi au fost re\u021binu\u021bi de c\u0103tre poli\u021bie pentru ac\u021biuni de destabilizare \u00een Republica Moldova. Ace\u0219tia au fost instrui\u021bi la Moscova \u0219i pl\u0103ti\u021bi cu sume mari de bani pentru a vandaliza mai multe institu\u021bii de stat. Potrivit declara\u021biilor lor, ace\u0219tia fac parte dintr-un grup recrutat special pentru a provoca haos \u00een \u021bar\u0103.<\/p>\n<p>Incidentele au avut loc \u00een cursul nop\u021bii trecute, c\u00e2nd mai multe persoane au vandalizat sediul Ministerului Muncii \u0219i Protec\u021biei Sociale, dar \u0219i la Guvern. Autorit\u0103\u021bile au reu\u0219it s\u0103 intervin\u0103 prompt \u0219i s\u0103 \u00eei identifice pe cei responsabili, reu\u0219ind astfel s\u0103 previn\u0103 incidente mai mari.<\/p>\n<p>Este regretabil s\u0103 vedem c\u0103 exist\u0103 oameni care sunt dispu\u0219i s\u0103 \u00ee\u0219i v\u00e2nd\u0103 loialitatea pentru sume de bani, compromi\u021b\u00e2nd siguran\u021ba \u0219i stabilitatea \u021b\u0103rii. Ac\u021biunile acestora sunt inacceptabile \u0219i trebuie s\u0103 fie sanc\u021bionate conform legilor \u00een vigoare.<\/p>\n<p>Autorit\u0103\u021bile vor continua s\u0103 monitorizeze situa\u021bia \u0219i s\u0103 ia m\u0103suri pentru a preveni astfel de incidente \u00een viitor. Siguran\u021ba \u0219i stabilitatea Moldovei trebuie s\u0103 fie pe primul loc, iar orice tentativ\u0103 de destabilizare a acesteia va fi tratat\u0103 cu toat\u0103 seriozitatea de c\u0103tre autorit\u0103\u021bi.<\/p>\n<p><\/p>\n<div class=\"video-container\">\n    <iframe class=\"video\" src=\"https:\/\/www.youtube.com\/embed\/Ittq0-zsnV0\" allowfullscreen><\/iframe>\n<\/div>\n<p><i>Video &#8220;Re\u021binu\u021bi pentru ac\u021biuni de destabilizare\u201d a fost \u00eenc\u0103rcat pe 27\/09\/2024 pe canalul YouTube <a href=\"https:\/\/www.youtube.com\/channel\/UCJYCClZe1UppC6q3XJ4Mp2A\" target=\"_blank\" rel=\"noopener\"> Jurnal TV <\/a><\/i><\/p>\n","protected":false},"excerpt":{"rendered":"<p>Doi b\u0103rba\u021bi au fost re\u021binu\u021bi de c\u0103tre poli\u021bie pentru ac\u021biuni de destabilizare \u00een Republica Moldova. Ace\u0219tia au fost instrui\u021bi la Moscova \u0219i pl\u0103ti\u021bi cu sume mari de bani pentru a vandaliza mai multe institu\u021bii de stat. Potrivit declara\u021biilor lor, ace\u0219tia fac&#8230;<\/p>\n","protected":false},"author":85,"featured_media":82047,"comment_status":"","ping_status":"open","sticky":false,"template":"","format":"standard","meta":{"footnotes":""},"categories":[8158],"tags":[59656,59592,69967],"class_list":{"0":"post-82046","1":"post","2":"type-post","3":"status-publish","4":"format-standard","5":"has-post-thumbnail","7":"category-stiri","8":"tag-moscova","9":"tag-politisti","10":"tag-retinuti"},"_links":{"self":[{"href":"https:\/\/hadnews.com\/ro\/wp-json\/wp\/v2\/posts\/82046","targetHints":{"allow":["GET"]}}],"collection":[{"href":"https:\/\/hadnews.com\/ro\/wp-json\/wp\/v2\/posts"}],"about":[{"href":"https:\/\/hadnews.com\/ro\/wp-json\/wp\/v2\/types\/post"}],"author":[{"embeddable":true,"href":"https:\/\/hadnews.com\/ro\/wp-json\/wp\/v2\/users\/85"}],"replies":[{"embeddable":true,"href":"https:\/\/hadnews.com\/ro\/wp-json\/wp\/v2\/comments?post=82046"}],"version-history":[{"count":0,"href":"https:\/\/hadnews.com\/ro\/wp-json\/wp\/v2\/posts\/82046\/revisions"}],"wp:featuredmedia":[{"embeddable":true,"href":"https:\/\/hadnews.com\/ro\/wp-json\/wp\/v2\/media\/82047"}],"wp:attachment":[{"href":"https:\/\/hadnews.com\/ro\/wp-json\/wp\/v2\/media?parent=82046"}],"wp:term":[{"taxonomy":"category","embeddable":true,"href":"https:\/\/hadnews.com\/ro\/wp-json\/wp\/v2\/categories?post=82046"},{"taxonomy":"post_tag","embeddable":true,"href":"https:\/\/hadnews.com\/ro\/wp-json\/wp\/v2\/tags?post=82046"}],"curies":[{"name":"wp","href":"https:\/\/api.w.org\/{rel}","templated":true}]}}