{"id":82292,"date":"2024-09-30T00:23:11","date_gmt":"2024-09-29T22:23:11","guid":{"rendered":"https:\/\/hadnews.com\/ro\/regional-news-report-09-29-2024\/"},"modified":"2024-09-30T00:23:11","modified_gmt":"2024-09-29T22:23:11","slug":"regional-news-report-09-29-2024","status":"publish","type":"post","link":"https:\/\/hadnews.com\/ro\/regional-news-report-09-29-2024\/","title":{"rendered":"Regional News Report &#8211; 09\/29\/2024"},"content":{"rendered":"<p>\u00cen edi\u021bia de ast\u0103zi a Telejurnalului Regional de pe data de 29 septembrie 2024, am discutat despre evenimentele majore care au avut loc \u00een regiunea noastr\u0103.<\/p>\n<p>Una dintre \u0219tirile principale a fost inaugurarea unui nou parc \u00een centrul ora\u0219ului, care va oferi locuitorilor un spa\u021biu verde revitalizat pentru relaxare \u0219i recreere. Autorit\u0103\u021bile locale au f\u0103cut eforturi considerabile pentru a transforma acest proiect \u00een realitate, iar rezultatul final a fost cu adev\u0103rat impresionant.<\/p>\n<p>De asemenea, \u00een Telejurnalul Regional am vorbit despre ultimele m\u0103suri luate de administra\u021bia local\u0103 pentru \u00eembun\u0103t\u0103\u021birea infrastructurii rutiere din zon\u0103. Lucr\u0103rile de repara\u021bie \u0219i modernizare a drumurilor au fost finalizate cu succes, ceea ce va contribui semnificativ la fluidizarea traficului \u0219i sporirea siguran\u021bei participan\u021bilor la trafic.<\/p>\n<p>\u00cen alte \u0219tiri, am avut \u0219i o prezentare a unei expozi\u021bii de art\u0103 local\u0103, care a fost primit\u0103 cu entuziasm de c\u0103tre comunitate. Arti\u0219tii locali au avut ocazia s\u0103-\u0219i expun\u0103 crea\u021biile \u00een cadrul unui eveniment cultural deosebit, care a atras aten\u021bia iubitorilor de art\u0103 din \u00eentreaga regiune.<\/p>\n<p>Acestea au fost c\u00e2teva dintre evenimentele prezentate \u00een Telejurnalul Regional de ast\u0103zi, care reflect\u0103 diversitatea \u0219i vitalitatea comunit\u0103\u021bii noastre locale. V\u0103 invit\u0103m s\u0103 urm\u0103ri\u021bi emisiunea integral\u0103 pentru a fi la curent cu cele mai recente \u0219tiri locale.<\/p>\n<p><\/p>\n<div class=\"video-container\">\n    <iframe class=\"video\" src=\"https:\/\/www.youtube.com\/embed\/5Pcj1gXPQ9w\" allowfullscreen><\/iframe>\n<\/div>\n<p><i>Video &#8220;Telejurnal Regional &#8211; 29.09.2024\u201d a fost \u00eenc\u0103rcat pe 29\/09\/2024 pe canalul YouTube <a href=\"https:\/\/www.youtube.com\/channel\/UCr0bjXDk71i5-47jNml1zEw\" target=\"_blank\" rel=\"noopener\"> TVR Craiova <\/a><\/i><\/p>\n","protected":false},"excerpt":{"rendered":"<p>\u00cen edi\u021bia de ast\u0103zi a Telejurnalului Regional de pe data de 29 septembrie 2024, am discutat despre evenimentele majore care au avut loc \u00een regiunea noastr\u0103. Una dintre \u0219tirile principale a fost inaugurarea unui nou parc \u00een centrul ora\u0219ului, care va oferi&#8230;<\/p>\n","protected":false},"author":87,"featured_media":82293,"comment_status":"","ping_status":"open","sticky":false,"template":"","format":"standard","meta":{"footnotes":""},"categories":[8158],"tags":[59085,58814,13308,61484,59083,58801],"class_list":{"0":"post-82292","1":"post","2":"type-post","3":"status-publish","4":"format-standard","5":"has-post-thumbnail","7":"category-stiri","8":"tag-broadcasting","9":"tag-craiova","10":"tag-news","11":"tag-regional-news","12":"tag-telejurnal-regional","13":"tag-television"},"_links":{"self":[{"href":"https:\/\/hadnews.com\/ro\/wp-json\/wp\/v2\/posts\/82292","targetHints":{"allow":["GET"]}}],"collection":[{"href":"https:\/\/hadnews.com\/ro\/wp-json\/wp\/v2\/posts"}],"about":[{"href":"https:\/\/hadnews.com\/ro\/wp-json\/wp\/v2\/types\/post"}],"author":[{"embeddable":true,"href":"https:\/\/hadnews.com\/ro\/wp-json\/wp\/v2\/users\/87"}],"replies":[{"embeddable":true,"href":"https:\/\/hadnews.com\/ro\/wp-json\/wp\/v2\/comments?post=82292"}],"version-history":[{"count":0,"href":"https:\/\/hadnews.com\/ro\/wp-json\/wp\/v2\/posts\/82292\/revisions"}],"wp:featuredmedia":[{"embeddable":true,"href":"https:\/\/hadnews.com\/ro\/wp-json\/wp\/v2\/media\/82293"}],"wp:attachment":[{"href":"https:\/\/hadnews.com\/ro\/wp-json\/wp\/v2\/media?parent=82292"}],"wp:term":[{"taxonomy":"category","embeddable":true,"href":"https:\/\/hadnews.com\/ro\/wp-json\/wp\/v2\/categories?post=82292"},{"taxonomy":"post_tag","embeddable":true,"href":"https:\/\/hadnews.com\/ro\/wp-json\/wp\/v2\/tags?post=82292"}],"curies":[{"name":"wp","href":"https:\/\/api.w.org\/{rel}","templated":true}]}}