{"id":82539,"date":"2024-09-30T21:31:48","date_gmt":"2024-09-30T19:31:48","guid":{"rendered":"https:\/\/hadnews.com\/ro\/pedeapsa-pentru-destabilizari\/"},"modified":"2024-09-30T21:31:48","modified_gmt":"2024-09-30T19:31:48","slug":"pedeapsa-pentru-destabilizari","status":"publish","type":"post","link":"https:\/\/hadnews.com\/ro\/pedeapsa-pentru-destabilizari\/","title":{"rendered":"Pedeapsa pentru destabiliz\u0103ri"},"content":{"rendered":"<p>\u0218apte persoane au fost condamnate pentru destabilizarea manifesta\u021biilor<\/p>\n<p>Cei \u0219apte indivizi re\u021binu\u021bi \u00een martie trecut pentru planificarea unor dezordini \u00een timpul protestelor organizate de fostul Partid \u0218or, \u0219i-au aflat ast\u0103zi sentin\u021ba. Ace\u0219tia au primit pedepse \u00eentre trei \u0219i \u0219ase ani de \u00eenchisoare, \u00een penitenciar de tip semi-\u00eenchis.<\/p>\n<p>Decizia a fost luat\u0103 de magistra\u021bii Judec\u0103toriei Chi\u0219in\u0103u, sediul Buiucani. Din motive neclare, nicio persoan\u0103 inculpat\u0103 nu s-a prezentat \u00een fa\u021ba instan\u021bei. Andrei Baciurin, venit din Rusia \u0219i considerat de procurori drept capul grup\u0103rii, care ar fi desf\u0103\u0219urat ac\u021biuni de instruire pentru declan\u0219area dezordinilor \u00een mas\u0103, a fost condamnat la trei ani de \u00eenchisoare.<\/p>\n<p>Aceast\u0103 sentin\u021b\u0103 vine ca un avertisment pentru cei care \u00eencearc\u0103 s\u0103 destabilizeze ordinea public\u0103 \u0219i s\u0103 provoace haos \u00een societate. Autorit\u0103\u021bile au reu\u0219it s\u0103 demonstreze c\u0103 nu tolereaz\u0103 astfel de ac\u021biuni \u0219i c\u0103 vor ac\u021biona cu fermitate \u00eempotriva celor care \u00eencearc\u0103 s\u0103 submineze pacea \u0219i lini\u0219tea comunit\u0103\u021bii.<\/p>\n<p><\/p>\n<div class=\"video-container\">\n    <iframe class=\"video\" src=\"https:\/\/www.youtube.com\/embed\/SaXYM0119tA\" allowfullscreen><\/iframe>\n<\/div>\n<p><i>Video &#8220;Condamna\u021bi pentru destabiliz\u0103ri\u201d a fost \u00eenc\u0103rcat pe 30\/09\/2024 pe canalul YouTube <a href=\"https:\/\/www.youtube.com\/channel\/UCJYCClZe1UppC6q3XJ4Mp2A\" target=\"_blank\" rel=\"noopener\"> Jurnal TV <\/a><\/i><\/p>\n","protected":false},"excerpt":{"rendered":"<p>\u0218apte persoane au fost condamnate pentru destabilizarea manifesta\u021biilor Cei \u0219apte indivizi re\u021binu\u021bi \u00een martie trecut pentru planificarea unor dezordini \u00een timpul protestelor organizate de fostul Partid \u0218or, \u0219i-au aflat ast\u0103zi sentin\u021ba. Ace\u0219tia au primit&#8230;<\/p>\n","protected":false},"author":85,"featured_media":82540,"comment_status":"","ping_status":"open","sticky":false,"template":"","format":"standard","meta":{"footnotes":""},"categories":[8158],"tags":[20206,62145],"class_list":{"0":"post-82539","1":"post","2":"type-post","3":"status-publish","4":"format-standard","5":"has-post-thumbnail","7":"category-stiri","8":"tag-inchisoare","9":"tag-procurori"},"_links":{"self":[{"href":"https:\/\/hadnews.com\/ro\/wp-json\/wp\/v2\/posts\/82539","targetHints":{"allow":["GET"]}}],"collection":[{"href":"https:\/\/hadnews.com\/ro\/wp-json\/wp\/v2\/posts"}],"about":[{"href":"https:\/\/hadnews.com\/ro\/wp-json\/wp\/v2\/types\/post"}],"author":[{"embeddable":true,"href":"https:\/\/hadnews.com\/ro\/wp-json\/wp\/v2\/users\/85"}],"replies":[{"embeddable":true,"href":"https:\/\/hadnews.com\/ro\/wp-json\/wp\/v2\/comments?post=82539"}],"version-history":[{"count":0,"href":"https:\/\/hadnews.com\/ro\/wp-json\/wp\/v2\/posts\/82539\/revisions"}],"wp:featuredmedia":[{"embeddable":true,"href":"https:\/\/hadnews.com\/ro\/wp-json\/wp\/v2\/media\/82540"}],"wp:attachment":[{"href":"https:\/\/hadnews.com\/ro\/wp-json\/wp\/v2\/media?parent=82539"}],"wp:term":[{"taxonomy":"category","embeddable":true,"href":"https:\/\/hadnews.com\/ro\/wp-json\/wp\/v2\/categories?post=82539"},{"taxonomy":"post_tag","embeddable":true,"href":"https:\/\/hadnews.com\/ro\/wp-json\/wp\/v2\/tags?post=82539"}],"curies":[{"name":"wp","href":"https:\/\/api.w.org\/{rel}","templated":true}]}}