{"id":83031,"date":"2024-10-02T17:32:11","date_gmt":"2024-10-02T15:32:11","guid":{"rendered":"https:\/\/hadnews.com\/ro\/regional-telejournal-october-2-2024\/"},"modified":"2024-10-02T17:32:11","modified_gmt":"2024-10-02T15:32:11","slug":"regional-telejournal-october-2-2024","status":"publish","type":"post","link":"https:\/\/hadnews.com\/ro\/regional-telejournal-october-2-2024\/","title":{"rendered":"Regional Telejournal &#8211; October 2, 2024"},"content":{"rendered":"<p>Telejurnal regional de ast\u0103zi prezint\u0103 cele mai importante \u0219tiri din regiunea noastr\u0103. <\/p>\n<p>\u00cen prima parte a emisiunii, vom discuta despre evenimentul cultural organizat \u00een municipiul nostru, care a adunat sute de participan\u021bi \u0219i a fost considerat un real succes de c\u0103tre organizatori. De asemenea, vom afla detalii despre noile proiecte de infrastructur\u0103 care urmeaz\u0103 s\u0103 fie implementate \u00een ora\u0219, care vor \u00eembun\u0103t\u0103\u021bi condi\u021biile de via\u021b\u0103 ale locuitorilor.<\/p>\n<p>\u00cen segmentul de actualitate, vom vorbi despre ultimele decizii luate de autorit\u0103\u021bi \u00een ceea ce prive\u0219te gestionarea pandemiei de COVID-19. Vom afla care sunt noile m\u0103suri impuse pentru limitarea r\u0103sp\u00e2ndirii virusului \u0219i cum sunt afecta\u021bi localnicii de aceste restric\u021bii.<\/p>\n<p>\u00cen finalul emisiunii, vom avea parte de un reportaj special despre un eveniment sportiv deosebit care a avut loc \u00een zona noastr\u0103, \u0219i care a adunat numero\u0219i sportivi talenta\u021bi. Vom afla care au fost rezultatele ob\u021binute de ace\u0219tia \u0219i cum se preg\u0103tesc pentru viitoarele competi\u021bii.<\/p>\n<p>Nu rata\u021bi Telejurnalul regional de ast\u0103zi pentru cele mai proaspete informa\u021bii din regiunea noastr\u0103!<\/p>\n<p><\/p>\n<div class=\"video-container\">\n    <iframe class=\"video\" src=\"https:\/\/www.youtube.com\/embed\/FoKzlR-iqbI\" allowfullscreen><\/iframe>\n<\/div>\n<p><i>Video &#8220;Telejurnal regional &#8211; 02.10.2024\u201d a fost \u00eenc\u0103rcat pe 02\/10\/2024 pe canalul YouTube <a href=\"https:\/\/www.youtube.com\/channel\/UCr0bjXDk71i5-47jNml1zEw\" target=\"_blank\" rel=\"noopener\"> TVR Craiova <\/a><\/i><\/p>\n","protected":false},"excerpt":{"rendered":"<p>Telejurnal regional de ast\u0103zi prezint\u0103 cele mai importante \u0219tiri din regiunea noastr\u0103. \u00cen prima parte a emisiunii, vom discuta despre evenimentul cultural organizat \u00een municipiul nostru, care a adunat sute de participan\u021bi \u0219i a fost considerat un real succes de&#8230;<\/p>\n","protected":false},"author":87,"featured_media":83032,"comment_status":"","ping_status":"open","sticky":false,"template":"","format":"standard","meta":{"footnotes":""},"categories":[8158],"tags":[59085,58814,13308,70573,58816,58815],"class_list":{"0":"post-83031","1":"post","2":"type-post","3":"status-publish","4":"format-standard","5":"has-post-thumbnail","7":"category-stiri","8":"tag-broadcasting","9":"tag-craiova","10":"tag-news","11":"tag-october","12":"tag-regional","13":"tag-telejurnal"},"_links":{"self":[{"href":"https:\/\/hadnews.com\/ro\/wp-json\/wp\/v2\/posts\/83031","targetHints":{"allow":["GET"]}}],"collection":[{"href":"https:\/\/hadnews.com\/ro\/wp-json\/wp\/v2\/posts"}],"about":[{"href":"https:\/\/hadnews.com\/ro\/wp-json\/wp\/v2\/types\/post"}],"author":[{"embeddable":true,"href":"https:\/\/hadnews.com\/ro\/wp-json\/wp\/v2\/users\/87"}],"replies":[{"embeddable":true,"href":"https:\/\/hadnews.com\/ro\/wp-json\/wp\/v2\/comments?post=83031"}],"version-history":[{"count":0,"href":"https:\/\/hadnews.com\/ro\/wp-json\/wp\/v2\/posts\/83031\/revisions"}],"wp:featuredmedia":[{"embeddable":true,"href":"https:\/\/hadnews.com\/ro\/wp-json\/wp\/v2\/media\/83032"}],"wp:attachment":[{"href":"https:\/\/hadnews.com\/ro\/wp-json\/wp\/v2\/media?parent=83031"}],"wp:term":[{"taxonomy":"category","embeddable":true,"href":"https:\/\/hadnews.com\/ro\/wp-json\/wp\/v2\/categories?post=83031"},{"taxonomy":"post_tag","embeddable":true,"href":"https:\/\/hadnews.com\/ro\/wp-json\/wp\/v2\/tags?post=83031"}],"curies":[{"name":"wp","href":"https:\/\/api.w.org\/{rel}","templated":true}]}}