{"id":88746,"date":"2024-10-25T00:56:08","date_gmt":"2024-10-24T22:56:08","guid":{"rendered":"https:\/\/hadnews.com\/ro\/elevi-absenti-in-scolile-modernizate\/"},"modified":"2024-10-25T00:56:08","modified_gmt":"2024-10-24T22:56:08","slug":"elevi-absenti-in-scolile-modernizate","status":"publish","type":"post","link":"https:\/\/hadnews.com\/ro\/elevi-absenti-in-scolile-modernizate\/","title":{"rendered":"Elevi absen\u021bi \u00een \u0219colile modernizate"},"content":{"rendered":"<p>Dou\u0103 \u0219coli moderne din Gorj nu pot fi utilizate de elevi de aproape un an, de\u0219i au fost renovate cu fonduri europene. Situa\u021bia celor dou\u0103 unit\u0103\u021bi de \u00eenv\u0103\u021b\u0103m\u00e2nt din B\u0103l\u0103ne\u0219ti este una care \u00eengrijoreaz\u0103 at\u00e2t profesorii, c\u00e2t \u0219i p\u0103rin\u021bii elevilor.<\/p>\n<p>Investi\u021biile au fost finalizate conform standardelor europene, \u00eens\u0103 recep\u021bia nu poate avea loc din lipsa cofinan\u021b\u0103rii achitate de autorit\u0103\u021bile locale. Aceast\u0103 lips\u0103 de fonduri, \u00een valoare de aproape 1 milion de lei, nu a permis deschiderea \u0219colilor, iar elevii au fost nevoi\u021bi s\u0103 fie transporta\u021bi cu microbuze \u00een alte localit\u0103\u021bi pentru a putea \u00eenv\u0103\u021ba.<\/p>\n<p>Profesorii \u0219i p\u0103rin\u021bii elevilor sunt nemul\u021bumi\u021bi de aceast\u0103 situa\u021bie, \u00een care au \u0219coli moderne, dar \u00eenchise din lipsa banilor pentru cofinan\u021bare. Dac\u0103 Prim\u0103ria din B\u0103lane\u0219ti nu va g\u0103si solu\u021bii p\u00e2n\u0103 \u00een 2026, autorit\u0103\u021bile rom\u00e2ne vor fi nevoite s\u0103 achite \u00eentreaga investi\u021bie, care dep\u0103\u0219e\u0219te 10 milioane de lei pentru cele dou\u0103 \u0219coli.<\/p>\n<p>\u00cen condi\u021biile actuale, elevii sunt nevoi\u021bi s\u0103 \u00eenve\u021be \u00een mai multe schimburi, ceea ce le afecteaz\u0103 programul \u0219i calitatea \u00eenv\u0103\u021b\u0103m\u00e2ntului. Sper\u0103m c\u0103 autorit\u0103\u021bile locale vor g\u0103si solu\u021bii c\u00e2t mai rapid pentru a debloca situa\u021bia \u0219colilor \u0219i a le oferi elevilor accesul la educa\u021bie \u00een condi\u021bii optime.<\/p>\n<p><\/p>\n<div class=\"video-container\">\n    <iframe class=\"video\" src=\"https:\/\/www.youtube.com\/embed\/s8Zvfs4Hc9A\" allowfullscreen><\/iframe>\n<\/div>\n<p><i>Video &#8220;\u0218COLI MODERNIZATE, F\u0102R\u0102 ELEVI\u201d a fost \u00eenc\u0103rcat pe 24\/10\/2024 pe canalul YouTube <a href=\"https:\/\/www.youtube.com\/channel\/UCr0bjXDk71i5-47jNml1zEw\" target=\"_blank\" rel=\"noopener\"> TVR Craiova <\/a><\/i><\/p>\n","protected":false},"excerpt":{"rendered":"<p>Dou\u0103 \u0219coli moderne din Gorj nu pot fi utilizate de elevi de aproape un an, de\u0219i au fost renovate cu fonduri europene. Situa\u021bia celor dou\u0103 unit\u0103\u021bi de \u00eenv\u0103\u021b\u0103m\u00e2nt din B\u0103l\u0103ne\u0219ti este una care \u00eengrijoreaz\u0103 at\u00e2t profesorii, c\u00e2t \u0219i p\u0103rin\u021bii elevilor. Investi\u021biile au&#8230;<\/p>\n","protected":false},"author":87,"featured_media":88747,"comment_status":"","ping_status":"open","sticky":false,"template":"","format":"standard","meta":{"footnotes":""},"categories":[8158],"tags":[58814,3375,60307],"class_list":{"0":"post-88746","1":"post","2":"type-post","3":"status-publish","4":"format-standard","5":"has-post-thumbnail","7":"category-stiri","8":"tag-craiova","9":"tag-elevi","10":"tag-gorj"},"_links":{"self":[{"href":"https:\/\/hadnews.com\/ro\/wp-json\/wp\/v2\/posts\/88746","targetHints":{"allow":["GET"]}}],"collection":[{"href":"https:\/\/hadnews.com\/ro\/wp-json\/wp\/v2\/posts"}],"about":[{"href":"https:\/\/hadnews.com\/ro\/wp-json\/wp\/v2\/types\/post"}],"author":[{"embeddable":true,"href":"https:\/\/hadnews.com\/ro\/wp-json\/wp\/v2\/users\/87"}],"replies":[{"embeddable":true,"href":"https:\/\/hadnews.com\/ro\/wp-json\/wp\/v2\/comments?post=88746"}],"version-history":[{"count":0,"href":"https:\/\/hadnews.com\/ro\/wp-json\/wp\/v2\/posts\/88746\/revisions"}],"wp:featuredmedia":[{"embeddable":true,"href":"https:\/\/hadnews.com\/ro\/wp-json\/wp\/v2\/media\/88747"}],"wp:attachment":[{"href":"https:\/\/hadnews.com\/ro\/wp-json\/wp\/v2\/media?parent=88746"}],"wp:term":[{"taxonomy":"category","embeddable":true,"href":"https:\/\/hadnews.com\/ro\/wp-json\/wp\/v2\/categories?post=88746"},{"taxonomy":"post_tag","embeddable":true,"href":"https:\/\/hadnews.com\/ro\/wp-json\/wp\/v2\/tags?post=88746"}],"curies":[{"name":"wp","href":"https:\/\/api.w.org\/{rel}","templated":true}]}}