{"id":89341,"date":"2024-10-27T23:06:12","date_gmt":"2024-10-27T21:06:12","guid":{"rendered":"https:\/\/hadnews.com\/ro\/the-neighborly-harvest-festival\/"},"modified":"2024-10-27T23:06:12","modified_gmt":"2024-10-27T21:06:12","slug":"the-neighborly-harvest-festival","status":"publish","type":"post","link":"https:\/\/hadnews.com\/ro\/the-neighborly-harvest-festival\/","title":{"rendered":"The Neighborly Harvest Festival"},"content":{"rendered":"<p>Comunitatea \u201e\u00centre Vecini\u201d din R\u00e2mnicu V\u00e2lcea a s\u0103rb\u0103torit toamna printr-un festival al recoltei organizat \u00eentre blocuri. Peste 100 de locuitori ai cartierului s-au adunat pentru a socializa \u0219i a degusta din bucatele alese preg\u0103tite din roadele toamnei.<\/p>\n<p>Evenimentul a fost un prilej de bucurie \u0219i \u00eent\u00e2lnire pentru vecinii din zon\u0103, care au avut ocazia s\u0103 petreac\u0103 timp \u00eempreun\u0103, s\u0103 cunoasc\u0103 mai bine persoanele din jurul lor \u0219i s\u0103 se bucure de frumuse\u021bea toamnei \u00eentr-un mod inedit. M\u00e2nc\u0103rurile \u0219i b\u0103uturile tradi\u021bionale au fost principalele atrac\u021bii ale festivalului, oferind participan\u021bilor ocazia de a savura arome autentice \u0219i delicioase.<\/p>\n<p>Atmosfera festiv\u0103 \u0219i prietenoas\u0103 a evenimentului a f\u0103cut ca to\u021bi cei prezen\u021bi s\u0103 se simt\u0103 ca acas\u0103 \u0219i s\u0103 se bucure de momente de bucurie \u0219i voie bun\u0103 al\u0103turi de vecinii lor. Festivalul recoltei \u201e\u00centre Vecini\u201d a demonstrat \u00eenc\u0103 o dat\u0103 importan\u021ba comunit\u0103\u021bii \u0219i a solidarit\u0103\u021bii \u00eentre locuitorii unui cartier, care pot crea momente de neuitat \u0219i leg\u0103turi puternice \u00een jurul unei pasiuni comune: bucatele tradi\u021bionale \u0219i frumuse\u021bea toamnei.<\/p>\n<p><\/p>\n<div class=\"video-container\">\n    <iframe class=\"video\" src=\"https:\/\/www.youtube.com\/embed\/6gKAMhrMbss\" allowfullscreen><\/iframe>\n<\/div>\n<p><i>Video &#8220;FESTIVALUL RECOLTEI \u201c\u00ceNTRE VECINI\u201d\u201d a fost \u00eenc\u0103rcat pe 27\/10\/2024 pe canalul YouTube <a href=\"https:\/\/www.youtube.com\/channel\/UCr0bjXDk71i5-47jNml1zEw\" target=\"_blank\" rel=\"noopener\"> TVR Craiova <\/a><\/i><\/p>\n","protected":false},"excerpt":{"rendered":"<p>Comunitatea \u201e\u00centre Vecini\u201d din R\u00e2mnicu V\u00e2lcea a s\u0103rb\u0103torit toamna printr-un festival al recoltei organizat \u00eentre blocuri. Peste 100 de locuitori ai cartierului s-au adunat pentru a socializa \u0219i a degusta din bucatele alese preg\u0103tite din roadele toamnei&#8230;<\/p>\n","protected":false},"author":87,"featured_media":89342,"comment_status":"","ping_status":"open","sticky":false,"template":"","format":"standard","meta":{"footnotes":""},"categories":[8158],"tags":[58814,58810,59702,59376,58983],"class_list":{"0":"post-89341","1":"post","2":"type-post","3":"status-publish","4":"format-standard","5":"has-post-thumbnail","7":"category-stiri","8":"tag-craiova","9":"tag-festival","10":"tag-recolta","11":"tag-toamna","12":"tag-vecini"},"_links":{"self":[{"href":"https:\/\/hadnews.com\/ro\/wp-json\/wp\/v2\/posts\/89341","targetHints":{"allow":["GET"]}}],"collection":[{"href":"https:\/\/hadnews.com\/ro\/wp-json\/wp\/v2\/posts"}],"about":[{"href":"https:\/\/hadnews.com\/ro\/wp-json\/wp\/v2\/types\/post"}],"author":[{"embeddable":true,"href":"https:\/\/hadnews.com\/ro\/wp-json\/wp\/v2\/users\/87"}],"replies":[{"embeddable":true,"href":"https:\/\/hadnews.com\/ro\/wp-json\/wp\/v2\/comments?post=89341"}],"version-history":[{"count":0,"href":"https:\/\/hadnews.com\/ro\/wp-json\/wp\/v2\/posts\/89341\/revisions"}],"wp:featuredmedia":[{"embeddable":true,"href":"https:\/\/hadnews.com\/ro\/wp-json\/wp\/v2\/media\/89342"}],"wp:attachment":[{"href":"https:\/\/hadnews.com\/ro\/wp-json\/wp\/v2\/media?parent=89341"}],"wp:term":[{"taxonomy":"category","embeddable":true,"href":"https:\/\/hadnews.com\/ro\/wp-json\/wp\/v2\/categories?post=89341"},{"taxonomy":"post_tag","embeddable":true,"href":"https:\/\/hadnews.com\/ro\/wp-json\/wp\/v2\/tags?post=89341"}],"curies":[{"name":"wp","href":"https:\/\/api.w.org\/{rel}","templated":true}]}}