{"id":91887,"date":"2024-11-06T21:42:11","date_gmt":"2024-11-06T19:42:11","guid":{"rendered":"https:\/\/hadnews.com\/ro\/concediu-medical-si-program-de-lucru-redus-afectiunea-considerata-boala-profesionala\/"},"modified":"2024-11-06T21:42:11","modified_gmt":"2024-11-06T19:42:11","slug":"concediu-medical-si-program-de-lucru-redus-afectiunea-considerata-boala-profesionala","status":"publish","type":"post","link":"https:\/\/hadnews.com\/ro\/concediu-medical-si-program-de-lucru-redus-afectiunea-considerata-boala-profesionala\/","title":{"rendered":"Concediu medical \u0219i program de lucru redus. Afec\u021biunea considerat\u0103 boal\u0103 profesional\u0103."},"content":{"rendered":"<p>Un nou video a fost postat pe canalul nostru, \u00een care discut\u0103m despre Concediul medical \u015fi programul de lucru mai scurt pentru afec\u021biunile considerate boli profesionale. <\/p>\n<p>Cei afecta\u021bi de aceste afec\u021biuni au dreptul la un concediu medical \u0219i la un program de lucru mai scurt, conform legisla\u021biei \u00een vigoare. Este important ca angaja\u021bii s\u0103 cunoasc\u0103 drepturile lor \u0219i s\u0103 beneficieze de ele \u00een cazul \u00een care sunt diagnostica\u021bi cu o boal\u0103 profesional\u0103.<\/p>\n<p>Prin intermediul acestui video, \u00eencerc\u0103m s\u0103 inform\u0103m publicul despre importan\u021ba acord\u0103rii de concedii medicale \u0219i programe de lucru scurtate pentru cei afecta\u021bi de boli profesionale. Este important ca to\u021bi angaja\u021bii s\u0103 fie con\u0219tien\u021bi de drepturile lor \u0219i s\u0103 le revendice \u00een mod corespunz\u0103tor.<\/p>\n<p>Pentru mai multe informa\u021bii \u0219i \u0219tiri, pute\u021bi accesa site-ul nostru oficial \u0219i s\u0103 desc\u0103rca\u021bi aplica\u021bia Observator pentru a fi la curent cu cele mai noi informa\u021bii din domeniul medical \u0219i nu numai.<\/p>\n<p><\/p>\n<div class=\"video-container\">\n    <iframe class=\"video\" src=\"https:\/\/www.youtube.com\/embed\/kigPWRXzMUw\" allowfullscreen><\/iframe>\n<\/div>\n<p><i>Video &#8220;Concediu medical \u015fi program de lucru mai scurt. Afec\u0163iunea considerat\u0103 boal\u0103 profesional\u0103\u201d a fost \u00eenc\u0103rcat pe 06\/11\/2024 pe canalul YouTube <a href=\"https:\/\/www.youtube.com\/channel\/UCDhQYbT-x0GzRLbdWKeK2XA\" target=\"_blank\" rel=\"noopener\"> Observator News <\/a><\/i><\/p>\n","protected":false},"excerpt":{"rendered":"<p>Un nou video a fost postat pe canalul nostru, \u00een care discut\u0103m despre Concediul medical \u015fi programul de lucru mai scurt pentru afec\u021biunile considerate boli profesionale. Cei afecta\u021bi de aceste afec\u021biuni au dreptul la un concediu medical \u0219i la un program de&#8230;<\/p>\n","protected":false},"author":90,"featured_media":91888,"comment_status":"","ping_status":"open","sticky":false,"template":"","format":"standard","meta":{"footnotes":""},"categories":[1],"tags":[58861,14557],"class_list":{"0":"post-91887","1":"post","2":"type-post","3":"status-publish","4":"format-standard","5":"has-post-thumbnail","7":"category-societate","8":"tag-aplicatie-observator","9":"tag-stiri"},"_links":{"self":[{"href":"https:\/\/hadnews.com\/ro\/wp-json\/wp\/v2\/posts\/91887","targetHints":{"allow":["GET"]}}],"collection":[{"href":"https:\/\/hadnews.com\/ro\/wp-json\/wp\/v2\/posts"}],"about":[{"href":"https:\/\/hadnews.com\/ro\/wp-json\/wp\/v2\/types\/post"}],"author":[{"embeddable":true,"href":"https:\/\/hadnews.com\/ro\/wp-json\/wp\/v2\/users\/90"}],"replies":[{"embeddable":true,"href":"https:\/\/hadnews.com\/ro\/wp-json\/wp\/v2\/comments?post=91887"}],"version-history":[{"count":0,"href":"https:\/\/hadnews.com\/ro\/wp-json\/wp\/v2\/posts\/91887\/revisions"}],"wp:featuredmedia":[{"embeddable":true,"href":"https:\/\/hadnews.com\/ro\/wp-json\/wp\/v2\/media\/91888"}],"wp:attachment":[{"href":"https:\/\/hadnews.com\/ro\/wp-json\/wp\/v2\/media?parent=91887"}],"wp:term":[{"taxonomy":"category","embeddable":true,"href":"https:\/\/hadnews.com\/ro\/wp-json\/wp\/v2\/categories?post=91887"},{"taxonomy":"post_tag","embeddable":true,"href":"https:\/\/hadnews.com\/ro\/wp-json\/wp\/v2\/tags?post=91887"}],"curies":[{"name":"wp","href":"https:\/\/api.w.org\/{rel}","templated":true}]}}