{"id":92248,"date":"2024-11-08T00:24:53","date_gmt":"2024-11-07T22:24:53","guid":{"rendered":"https:\/\/hadnews.com\/ro\/autumn-fair-at-st-george-school\/"},"modified":"2024-11-08T00:24:53","modified_gmt":"2024-11-07T22:24:53","slug":"autumn-fair-at-st-george-school","status":"publish","type":"post","link":"https:\/\/hadnews.com\/ro\/autumn-fair-at-st-george-school\/","title":{"rendered":"Autumn Fair at &#8220;St. George&#8221; School"},"content":{"rendered":"<p>Sute de elevi, p\u0103rin\u021bi \u0219i cadre didactice de la \u0218coala Gimnazial\u0103 \u201eSf. Gheorghe\u201d din Craiova s-au adunat ast\u0103zi la un t\u00e2rg de toamn\u0103 plin de culoare \u0219i veselie. Fiecare copil \u0219i-a expus cu m\u00e2ndrie produsele alimentare, decora\u021biunile \u0219i obiectele realizate manual, demonstr\u00e2nd astfel priceperea \u0219i talentul lor.<\/p>\n<p>Ambian\u021ba a fost una plin\u0103 de via\u021b\u0103, iar entuziasmul a fost resim\u021bit de to\u021bi cei prezen\u021bi \u00een curtea \u0219colii. Cu ajutorul muzicii \u0219i al peisajului toamnei, copiii au reu\u0219it s\u0103 atrag\u0103 clien\u021bi \u0219i s\u0103 \u00ee\u0219i v\u00e2nd\u0103 produsele cu z\u00e2mbete pe fe\u021be.<\/p>\n<p>Cump\u0103r\u0103torii au fost \u00eenc\u00e2nta\u021bi de diversitatea \u0219i calitatea produselor expuse la t\u00e2rg, apreciind efortul \u0219i creativitatea copiilor implica\u021bi. Cadrele didactice au remarcat implicarea p\u0103rin\u021bilor \u00een organizarea evenimentului \u0219i \u00een sprijinirea copiilor \u00een realizarea produselor expuse.<\/p>\n<p>\u0218coala Sf. Gheorghe din Craiova g\u0103zduie\u0219te peste o mie de elevi, iar fondurile ob\u021binute \u00een urma t\u00e2rgului vor fi folosite pentru recompensarea celor mai buni elevi-manageri \u0219i pentru realizarea unui teren multisport. Evenimentele de acest gen nu doar \u00eencurajeaz\u0103 creativitatea \u0219i talentul copiilor, dar \u0219i promoveaz\u0103 implicarea p\u0103rin\u021bilor \u00een educa\u021bia \u0219i activit\u0103\u021bile \u0219colare ale acestora.<\/p>\n<p><\/p>\n<div class=\"video-container\">\n    <iframe class=\"video\" src=\"https:\/\/www.youtube.com\/embed\/L29Od47lEKM\" allowfullscreen><\/iframe>\n<\/div>\n<p><i>Video &#8220;T\u00c2RG DE TOAMN\u0102 LA \u0218COALA \u201cSF. GHEORGHE\u201d\u201d a fost \u00eenc\u0103rcat pe 07\/11\/2024 pe canalul YouTube <a href=\"https:\/\/www.youtube.com\/channel\/UCr0bjXDk71i5-47jNml1zEw\" target=\"_blank\" rel=\"noopener\"> TVR Craiova <\/a><\/i><\/p>\n","protected":false},"excerpt":{"rendered":"<p>Sute de elevi, p\u0103rin\u021bi \u0219i cadre didactice de la \u0218coala Gimnazial\u0103 \u201eSf. Gheorghe\u201d din Craiova s-au adunat ast\u0103zi la un t\u00e2rg de toamn\u0103 plin de culoare \u0219i veselie. Fiecare copil \u0219i-a expus cu m\u00e2ndrie produsele alimentare, decora\u021biunile \u0219i obiectele realizate&#8230;<\/p>\n","protected":false},"author":87,"featured_media":92249,"comment_status":"","ping_status":"open","sticky":false,"template":"","format":"standard","meta":{"footnotes":""},"categories":[8158],"tags":[73665,58814,3375,68689,59376],"class_list":{"0":"post-92248","1":"post","2":"type-post","3":"status-publish","4":"format-standard","5":"has-post-thumbnail","7":"category-stiri","8":"tag-cadre-didactice","9":"tag-craiova","10":"tag-elevi","11":"tag-targ","12":"tag-toamna"},"_links":{"self":[{"href":"https:\/\/hadnews.com\/ro\/wp-json\/wp\/v2\/posts\/92248","targetHints":{"allow":["GET"]}}],"collection":[{"href":"https:\/\/hadnews.com\/ro\/wp-json\/wp\/v2\/posts"}],"about":[{"href":"https:\/\/hadnews.com\/ro\/wp-json\/wp\/v2\/types\/post"}],"author":[{"embeddable":true,"href":"https:\/\/hadnews.com\/ro\/wp-json\/wp\/v2\/users\/87"}],"replies":[{"embeddable":true,"href":"https:\/\/hadnews.com\/ro\/wp-json\/wp\/v2\/comments?post=92248"}],"version-history":[{"count":0,"href":"https:\/\/hadnews.com\/ro\/wp-json\/wp\/v2\/posts\/92248\/revisions"}],"wp:featuredmedia":[{"embeddable":true,"href":"https:\/\/hadnews.com\/ro\/wp-json\/wp\/v2\/media\/92249"}],"wp:attachment":[{"href":"https:\/\/hadnews.com\/ro\/wp-json\/wp\/v2\/media?parent=92248"}],"wp:term":[{"taxonomy":"category","embeddable":true,"href":"https:\/\/hadnews.com\/ro\/wp-json\/wp\/v2\/categories?post=92248"},{"taxonomy":"post_tag","embeddable":true,"href":"https:\/\/hadnews.com\/ro\/wp-json\/wp\/v2\/tags?post=92248"}],"curies":[{"name":"wp","href":"https:\/\/api.w.org\/{rel}","templated":true}]}}