{"id":92498,"date":"2024-11-08T20:49:14","date_gmt":"2024-11-08T18:49:14","guid":{"rendered":"https:\/\/hadnews.com\/ro\/in-honor-of-monica-lovinescu\/"},"modified":"2024-11-08T20:49:14","modified_gmt":"2024-11-08T18:49:14","slug":"in-honor-of-monica-lovinescu","status":"publish","type":"post","link":"https:\/\/hadnews.com\/ro\/in-honor-of-monica-lovinescu\/","title":{"rendered":"In Honor of Monica Lovinescu"},"content":{"rendered":"<p>Personalitatea remarcabil\u0103 a Monic\u0103i Lovinescu a fost celebrat\u0103 \u00eentr-un eveniment emo\u021bionant asear\u0103 la Craiova. Deja de trei ani, \u00een luna noiembrie, ora\u0219ul \u00ee\u0219i aduce omagiu unei figuri de referin\u021b\u0103 a exilului rom\u00e2nesc, Monica Lovinescu.<\/p>\n<p>Monica Lovinescu, una dintre vocile puternice ale exilului rom\u00e2nesc, a fost omagiat\u0103 cu o sear\u0103 de evenimente speciale la Craiova. De ce tocmai Craiova? Organizatorii au dorit s\u0103 readuc\u0103 \u00een aten\u021bie activitatea jurnalistic\u0103 \u0219i literar\u0103 a Monic\u0103i Lovinescu, precum \u0219i a altor scriitori din diaspora rom\u00e2neasc\u0103.<\/p>\n<p>Monica Lovinescu a luptat cu &#8220;arma&#8221; cuv\u00e2ntului de la microfonul Europei Libere. Fiica renumitului critic literar Eugen Lovinescu, ea s-a n\u0103scut \u00een Bucure\u0219ti pe 19 noiembrie 1923 \u0219i a emigrat la Paris \u00een 1947, ca bursier al statului francez. Un an mai t\u00e2rziu, a cerut azil politic. A continuat s\u0103 \u00ee\u0219i desf\u0103\u0219oare activitatea literar\u0103 \u0219i jurnalistic\u0103 \u00een Fran\u021ba, traduc\u00e2nd c\u0103r\u021bi rom\u00e2ne\u0219ti \u0219i colabor\u00e2nd cu Radiodifuziunea Francez\u0103 \u0219i Radio Europa Liber\u0103, unde a avut emisiuni s\u0103pt\u0103m\u00e2nale.<\/p>\n<p>Evenimentul de la Craiova a fost un mod de a cinsti mo\u0219tenirea \u0219i contribu\u021bia Monic\u0103i Lovinescu la cultura rom\u00e2neasc\u0103 \u0219i la lupta pentru libertate \u0219i democra\u021bie. O sear\u0103 de reamintire \u0219i recunoa\u0219tere pentru o voce care a r\u0103mas \u00eentip\u0103rit\u0103 \u00een istoria exilului rom\u00e2nesc.<\/p>\n<p><\/p>\n<div class=\"video-container\">\n    <iframe class=\"video\" src=\"https:\/\/www.youtube.com\/embed\/P9fWbLJIuIg\" allowfullscreen><\/iframe>\n<\/div>\n<p><i>Video &#8220;IN HONOREM MONICA LOVINESCU\u201d a fost \u00eenc\u0103rcat pe 08\/11\/2024 pe canalul YouTube <a href=\"https:\/\/www.youtube.com\/channel\/UCr0bjXDk71i5-47jNml1zEw\" target=\"_blank\" rel=\"noopener\"> TVR Craiova <\/a><\/i><\/p>\n","protected":false},"excerpt":{"rendered":"<p>Personalitatea remarcabil\u0103 a Monic\u0103i Lovinescu a fost celebrat\u0103 \u00eentr-un eveniment emo\u021bionant asear\u0103 la Craiova. Deja de trei ani, \u00een luna noiembrie, ora\u0219ul \u00ee\u0219i aduce omagiu unei figuri de referin\u021b\u0103 a exilului rom\u00e2nesc, Monica Lovinescu. Monica Lovinescu, una&#8230;<\/p>\n","protected":false},"author":87,"featured_media":92499,"comment_status":"","ping_status":"open","sticky":false,"template":"","format":"standard","meta":{"footnotes":""},"categories":[8158],"tags":[58814,61988],"class_list":{"0":"post-92498","1":"post","2":"type-post","3":"status-publish","4":"format-standard","5":"has-post-thumbnail","7":"category-stiri","8":"tag-craiova","9":"tag-europa-libera"},"_links":{"self":[{"href":"https:\/\/hadnews.com\/ro\/wp-json\/wp\/v2\/posts\/92498","targetHints":{"allow":["GET"]}}],"collection":[{"href":"https:\/\/hadnews.com\/ro\/wp-json\/wp\/v2\/posts"}],"about":[{"href":"https:\/\/hadnews.com\/ro\/wp-json\/wp\/v2\/types\/post"}],"author":[{"embeddable":true,"href":"https:\/\/hadnews.com\/ro\/wp-json\/wp\/v2\/users\/87"}],"replies":[{"embeddable":true,"href":"https:\/\/hadnews.com\/ro\/wp-json\/wp\/v2\/comments?post=92498"}],"version-history":[{"count":0,"href":"https:\/\/hadnews.com\/ro\/wp-json\/wp\/v2\/posts\/92498\/revisions"}],"wp:featuredmedia":[{"embeddable":true,"href":"https:\/\/hadnews.com\/ro\/wp-json\/wp\/v2\/media\/92499"}],"wp:attachment":[{"href":"https:\/\/hadnews.com\/ro\/wp-json\/wp\/v2\/media?parent=92498"}],"wp:term":[{"taxonomy":"category","embeddable":true,"href":"https:\/\/hadnews.com\/ro\/wp-json\/wp\/v2\/categories?post=92498"},{"taxonomy":"post_tag","embeddable":true,"href":"https:\/\/hadnews.com\/ro\/wp-json\/wp\/v2\/tags?post=92498"}],"curies":[{"name":"wp","href":"https:\/\/api.w.org\/{rel}","templated":true}]}}