{"id":92538,"date":"2024-11-08T23:52:10","date_gmt":"2024-11-08T21:52:10","guid":{"rendered":"https:\/\/hadnews.com\/ro\/saints-michael-and-gabriel\/"},"modified":"2024-11-08T23:52:10","modified_gmt":"2024-11-08T21:52:10","slug":"saints-michael-and-gabriel","status":"publish","type":"post","link":"https:\/\/hadnews.com\/ro\/saints-michael-and-gabriel\/","title":{"rendered":"Saints Michael and Gabriel"},"content":{"rendered":"<p>Zi de mare s\u0103rb\u0103toare pentru cre\u0219tinii ortodoc\u0219i, \u00een aceast\u0103 zi sunt s\u0103rb\u0103tori\u021bi Sfin\u021bii Arhangheli Mihail \u0219i Gavril, dar \u0219i toate o\u0219tile cere\u0219ti de \u00eengeri. Conform tradi\u021biei, ast\u0103zi se face pomenire pentru cei dragi care ne-au p\u0103r\u0103sit, iar credin\u021ba popular\u0103 spune c\u0103 nu este bine s\u0103 munce\u0219ti \u00een aceast\u0103 zi.<\/p>\n<p>Credincio\u0219ii s-au adunat la biseric\u0103 pentru a participa la slujba special\u0103 oficiat\u0103 \u00een cinstea Sfin\u021bilor Mihail \u0219i Gavril. Au rostit rug\u0103ciuni pentru cei pleca\u021bi dintre noi, au oferit poman\u0103 pentru sufletele celor adormi\u021bi \u0219i s-au rugat \u0219i pentru s\u0103rb\u0103tori\u021bi de ast\u0103zi.<\/p>\n<p>Sfin\u021bii Mihail \u0219i Gavril sunt considera\u021bi p\u0103zitori ai oamenilor de la na\u0219tere p\u00e2n\u0103 la moarte, iar \u00een credin\u021ba popular\u0103 ei particip\u0103 \u0219i la Judecata de Apoi.<\/p>\n<p>\u00cen calendarul popular, s\u0103rb\u0103toarea Sfin\u021bilor Mihail \u0219i Gavril se desf\u0103\u0219oar\u0103 pe parcursul a trei zile, \u00een 8, 9 \u0219i 10 noiembrie. Fiecare zi are o semnifica\u021bie aparte, fiind asociat\u0103 cu capul, mijlocul \u0219i coada Arhanghelului.<\/p>\n<p><\/p>\n<div class=\"video-container\">\n    <iframe class=\"video\" src=\"https:\/\/www.youtube.com\/embed\/M-oCUS4ei-k\" allowfullscreen><\/iframe>\n<\/div>\n<p><i>Video &#8220;SFIN\u021aII MIHAIL \u0218I GAVRIL\u201d a fost \u00eenc\u0103rcat pe 08\/11\/2024 pe canalul YouTube <a href=\"https:\/\/www.youtube.com\/channel\/UCr0bjXDk71i5-47jNml1zEw\" target=\"_blank\" rel=\"noopener\"> TVR Craiova <\/a><\/i><\/p>\n","protected":false},"excerpt":{"rendered":"<p>Zi de mare s\u0103rb\u0103toare pentru cre\u0219tinii ortodoc\u0219i, \u00een aceast\u0103 zi sunt s\u0103rb\u0103tori\u021bi Sfin\u021bii Arhangheli Mihail \u0219i Gavril, dar \u0219i toate o\u0219tile cere\u0219ti de \u00eengeri. Conform tradi\u021biei, ast\u0103zi se face pomenire pentru cei dragi care ne-au p\u0103r\u0103sit, iar credin\u021ba popular\u0103&#8230;<\/p>\n","protected":false},"author":87,"featured_media":92539,"comment_status":"","ping_status":"open","sticky":false,"template":"","format":"standard","meta":{"footnotes":""},"categories":[8158],"tags":[62305,58814,31879],"class_list":{"0":"post-92538","1":"post","2":"type-post","3":"status-publish","4":"format-standard","5":"has-post-thumbnail","7":"category-stiri","8":"tag-biserica","9":"tag-craiova","10":"tag-traditie"},"_links":{"self":[{"href":"https:\/\/hadnews.com\/ro\/wp-json\/wp\/v2\/posts\/92538","targetHints":{"allow":["GET"]}}],"collection":[{"href":"https:\/\/hadnews.com\/ro\/wp-json\/wp\/v2\/posts"}],"about":[{"href":"https:\/\/hadnews.com\/ro\/wp-json\/wp\/v2\/types\/post"}],"author":[{"embeddable":true,"href":"https:\/\/hadnews.com\/ro\/wp-json\/wp\/v2\/users\/87"}],"replies":[{"embeddable":true,"href":"https:\/\/hadnews.com\/ro\/wp-json\/wp\/v2\/comments?post=92538"}],"version-history":[{"count":0,"href":"https:\/\/hadnews.com\/ro\/wp-json\/wp\/v2\/posts\/92538\/revisions"}],"wp:featuredmedia":[{"embeddable":true,"href":"https:\/\/hadnews.com\/ro\/wp-json\/wp\/v2\/media\/92539"}],"wp:attachment":[{"href":"https:\/\/hadnews.com\/ro\/wp-json\/wp\/v2\/media?parent=92538"}],"wp:term":[{"taxonomy":"category","embeddable":true,"href":"https:\/\/hadnews.com\/ro\/wp-json\/wp\/v2\/categories?post=92538"},{"taxonomy":"post_tag","embeddable":true,"href":"https:\/\/hadnews.com\/ro\/wp-json\/wp\/v2\/tags?post=92538"}],"curies":[{"name":"wp","href":"https:\/\/api.w.org\/{rel}","templated":true}]}}