{"id":94677,"date":"2024-11-17T22:42:11","date_gmt":"2024-11-17T20:42:11","guid":{"rendered":"https:\/\/hadnews.com\/ro\/cultart-magazine-17th-november-2024\/"},"modified":"2024-11-17T22:42:11","modified_gmt":"2024-11-17T20:42:11","slug":"cultart-magazine-17th-november-2024","status":"publish","type":"post","link":"https:\/\/hadnews.com\/ro\/cultart-magazine-17th-november-2024\/","title":{"rendered":"Cultart Magazine: 17th November 2024"},"content":{"rendered":"<p>Galeria de art\u0103 din Craiova a g\u0103zduit o instala\u021bie spectaculoas\u0103 creat\u0103 de artista Alina Aldea, \u00een cadrul expozi\u021biei sale &#8220;Visul marelui fluture negru&#8221;. Lucr\u0103rile, g\u00e2ndite special pentru spa\u021biul Centrului Br\u00e2ncu\u0219i al Muzeului de Art\u0103, impresioneaz\u0103 prin imponderabilitatea lor \u0219i energia secret\u0103 a materiei.<\/p>\n<p>Colocviile Scrisul Rom\u00e2nesc au adus la Craiova personalit\u0103\u021bi culturale de seam\u0103, care au dezbatut tema literaturii, artelor \u0219i inteligen\u021bei artificiale. Oamenii de cultur\u0103 prezen\u021bi au exprimat \u00eengrijorarea lor fa\u021b\u0103 de intruziunea tehnologiilor avansate \u00een art\u0103 \u0219i crea\u021bie, care pot duce la pierderea identit\u0103\u021bii artistice.<\/p>\n<p>&#8220;Ce ne scriem c\u00e2nd nu ne cite\u0219te nimeni&#8221; este \u00eentrebarea care \u00ee\u0219i g\u0103se\u0219te posibilul r\u0103spuns \u00een cartea &#8220;Femei la grani\u021b\u0103&#8221;, scris\u0103 de Alexandra Rusu \u0219i Maria T\u0103n\u0103sescu. O carte complex\u0103, care abordeaz\u0103 feminitatea din perspectiva unei prietenii rare \u0219i \u00eembin\u0103 confesiunea, amintirea, poemul \u0219i scrisoarea \u00eentr-un mod unic.<\/p>\n<p>\u00centr-un sat pitoresc de pe coline domoale, Valentin Boiangiu a deschis galeria D\u00e2lgart, unde a g\u0103zduit recent expozi\u021bia &#8220;Deja vu, avant-premiere&#8221;, semnat\u0103 de t\u00e2n\u0103ra artist\u0103 Elizaveta Ostapenko, stabilit\u0103 \u00een Hamburg. O oaz\u0103 de art\u0103 \u0219i creativitate \u00een mijlocul naturii, care atrage aten\u021bia pasiona\u021bilor de art\u0103 din \u00eentreaga regiune.<\/p>\n<p><\/p>\n<div class=\"video-container\">\n    <iframe class=\"video\" src=\"https:\/\/www.youtube.com\/embed\/5C7NlYjLuNg\" allowfullscreen><\/iframe>\n<\/div>\n<p><i>Video &#8220;Cultart &#8211; 17.11.2024\u201d a fost \u00eenc\u0103rcat pe 17\/11\/2024 pe canalul YouTube <a href=\"https:\/\/www.youtube.com\/channel\/UCr0bjXDk71i5-47jNml1zEw\" target=\"_blank\"> TVR Craiova <\/a><\/i><\/p>\n","protected":false},"excerpt":{"rendered":"<p>Galeria de art\u0103 din Craiova a g\u0103zduit o instala\u021bie spectaculoas\u0103 creat\u0103 de artista Alina Aldea, \u00een cadrul expozi\u021biei sale &#8220;Visul marelui fluture negru&#8221;. Lucr\u0103rile, g\u00e2ndite special pentru spa\u021biul Centrului Br\u00e2ncu\u0219i al Muzeului de Art\u0103, impresioneaz\u0103&#8230;<\/p>\n","protected":false},"author":87,"featured_media":94678,"comment_status":"","ping_status":"open","sticky":false,"template":"","format":"standard","meta":{"footnotes":""},"categories":[8158],"tags":[58814,60720],"class_list":{"0":"post-94677","1":"post","2":"type-post","3":"status-publish","4":"format-standard","5":"has-post-thumbnail","7":"category-stiri","8":"tag-craiova","9":"tag-eveniment"},"_links":{"self":[{"href":"https:\/\/hadnews.com\/ro\/wp-json\/wp\/v2\/posts\/94677","targetHints":{"allow":["GET"]}}],"collection":[{"href":"https:\/\/hadnews.com\/ro\/wp-json\/wp\/v2\/posts"}],"about":[{"href":"https:\/\/hadnews.com\/ro\/wp-json\/wp\/v2\/types\/post"}],"author":[{"embeddable":true,"href":"https:\/\/hadnews.com\/ro\/wp-json\/wp\/v2\/users\/87"}],"replies":[{"embeddable":true,"href":"https:\/\/hadnews.com\/ro\/wp-json\/wp\/v2\/comments?post=94677"}],"version-history":[{"count":0,"href":"https:\/\/hadnews.com\/ro\/wp-json\/wp\/v2\/posts\/94677\/revisions"}],"wp:featuredmedia":[{"embeddable":true,"href":"https:\/\/hadnews.com\/ro\/wp-json\/wp\/v2\/media\/94678"}],"wp:attachment":[{"href":"https:\/\/hadnews.com\/ro\/wp-json\/wp\/v2\/media?parent=94677"}],"wp:term":[{"taxonomy":"category","embeddable":true,"href":"https:\/\/hadnews.com\/ro\/wp-json\/wp\/v2\/categories?post=94677"},{"taxonomy":"post_tag","embeddable":true,"href":"https:\/\/hadnews.com\/ro\/wp-json\/wp\/v2\/tags?post=94677"}],"curies":[{"name":"wp","href":"https:\/\/api.w.org\/{rel}","templated":true}]}}