{"id":96130,"date":"2024-11-22T23:59:13","date_gmt":"2024-11-22T21:59:13","guid":{"rendered":"https:\/\/hadnews.com\/ro\/s-a-inteles-marcel-ciolacu-cu-george-simion-pentru-turul-ii-tudose-cred-ca-si-ar-face-cruce\/"},"modified":"2024-11-22T23:59:13","modified_gmt":"2024-11-22T21:59:13","slug":"s-a-inteles-marcel-ciolacu-cu-george-simion-pentru-turul-ii-tudose-cred-ca-si-ar-face-cruce","status":"publish","type":"post","link":"https:\/\/hadnews.com\/ro\/s-a-inteles-marcel-ciolacu-cu-george-simion-pentru-turul-ii-tudose-cred-ca-si-ar-face-cruce\/","title":{"rendered":"S-a \u00een\u0163eles Marcel Ciolacu cu George Simion pentru turul II: &#8220;Tudose cred c\u0103 \u015fi-ar face cruce&#8221;"},"content":{"rendered":"<p>Negocierile pentru turul II al alegerilor preziden\u021biale par s\u0103 fi ajuns la un acord \u00eentre Marcel Ciolacu \u0219i George Simion. O \u00een\u021belegere care a st\u00e2rnit reac\u021bii diferite \u00een mediul politic rom\u00e2nesc.<\/p>\n<p>Potrivit unor surse din cadrul celor dou\u0103 tabere, cei doi candida\u021bi ar fi ajuns la un consens \u00een privin\u021ba unor aspecte importante pentru viitorul \u021b\u0103rii. Cu toate acestea, opinii divergente au ap\u0103rut \u00een urma acestui acord. <\/p>\n<p>Din partea lui Mihai Tudose, se pare c\u0103 acesta ar fi fost surprins de \u00een\u021belegerea la care au ajuns Ciolacu \u0219i Simion, declar\u00e2nd c\u0103 \u0219i-ar face cruce chiar \u0219i el. Pe de alt\u0103 parte, unii politicieni sus\u021bin c\u0103 acest acord ar putea aduce schimb\u0103ri importante \u00een politica rom\u00e2neasc\u0103.<\/p>\n<p>Cert este c\u0103 \u00een aceste momente se discut\u0103 intens pe marginea acestei \u00een\u021belegeri \u0219i a\u0219tept\u0103m cu interes s\u0103 vedem cum va evolua situa\u021bia \u00een perioada urm\u0103toare.<\/p>\n<p><\/p>\n<div class=\"video-container\">\n    <iframe class=\"video\" src=\"https:\/\/www.youtube.com\/embed\/bXmt_i_mwho\" allowfullscreen><\/iframe>\n<\/div>\n<p><i>Video &#8220;S-a \u00een\u0163eles Marcel Ciolacu cu George Simion pentru turul II: &#8220;Tudose cred c\u0103 \u015fi-ar face cruce&#8221;\u201d a fost \u00eenc\u0103rcat pe 22\/11\/2024 pe canalul YouTube <a href=\"https:\/\/www.youtube.com\/channel\/UCDhQYbT-x0GzRLbdWKeK2XA\" target=\"_blank\"> Observator News <\/a><\/i><\/p>\n","protected":false},"excerpt":{"rendered":"<p>Negocierile pentru turul II al alegerilor preziden\u021biale par s\u0103 fi ajuns la un acord \u00eentre Marcel Ciolacu \u0219i George Simion. O \u00een\u021belegere care a st\u00e2rnit reac\u021bii diferite \u00een mediul politic rom\u00e2nesc. Potrivit unor surse din cadrul celor dou\u0103 tabere, cei doi&#8230;<\/p>\n","protected":false},"author":90,"featured_media":96131,"comment_status":"","ping_status":"open","sticky":false,"template":"","format":"standard","meta":{"footnotes":""},"categories":[1],"tags":[59049,74287,4598,58956,76737],"class_list":{"0":"post-96130","1":"post","2":"type-post","3":"status-publish","4":"format-standard","5":"has-post-thumbnail","7":"category-societate","8":"tag-aplicatia-observator","9":"tag-george-simion","10":"tag-marcel-ciolacu","11":"tag-observatornews","12":"tag-turul-ii"},"_links":{"self":[{"href":"https:\/\/hadnews.com\/ro\/wp-json\/wp\/v2\/posts\/96130","targetHints":{"allow":["GET"]}}],"collection":[{"href":"https:\/\/hadnews.com\/ro\/wp-json\/wp\/v2\/posts"}],"about":[{"href":"https:\/\/hadnews.com\/ro\/wp-json\/wp\/v2\/types\/post"}],"author":[{"embeddable":true,"href":"https:\/\/hadnews.com\/ro\/wp-json\/wp\/v2\/users\/90"}],"replies":[{"embeddable":true,"href":"https:\/\/hadnews.com\/ro\/wp-json\/wp\/v2\/comments?post=96130"}],"version-history":[{"count":0,"href":"https:\/\/hadnews.com\/ro\/wp-json\/wp\/v2\/posts\/96130\/revisions"}],"wp:featuredmedia":[{"embeddable":true,"href":"https:\/\/hadnews.com\/ro\/wp-json\/wp\/v2\/media\/96131"}],"wp:attachment":[{"href":"https:\/\/hadnews.com\/ro\/wp-json\/wp\/v2\/media?parent=96130"}],"wp:term":[{"taxonomy":"category","embeddable":true,"href":"https:\/\/hadnews.com\/ro\/wp-json\/wp\/v2\/categories?post=96130"},{"taxonomy":"post_tag","embeddable":true,"href":"https:\/\/hadnews.com\/ro\/wp-json\/wp\/v2\/tags?post=96130"}],"curies":[{"name":"wp","href":"https:\/\/api.w.org\/{rel}","templated":true}]}}