{"id":96296,"date":"2024-11-23T23:26:11","date_gmt":"2024-11-23T21:26:11","guid":{"rendered":"https:\/\/hadnews.com\/ro\/interviul-zilei-casa-macedonski-va-primi-renovare\/"},"modified":"2024-11-23T23:26:11","modified_gmt":"2024-11-23T21:26:11","slug":"interviul-zilei-casa-macedonski-va-primi-renovare","status":"publish","type":"post","link":"https:\/\/hadnews.com\/ro\/interviul-zilei-casa-macedonski-va-primi-renovare\/","title":{"rendered":"Interviul zilei: Casa Macedonski va primi renovare"},"content":{"rendered":"<p>Casa memorial\u0103 a poetului Alexandru Macedonski, situat\u0103 \u00een comuna Goie\u0219ti, jude\u021bul Dolj, va fi renovat\u0103 \u0219i transformat\u0103 \u00eentr-un muzeu. Cl\u0103direa \u00een care marele poet \u0219i-a petrecut copil\u0103ria va fi reabilitat\u0103 cu finan\u021bare de la Ministerul Culturii, prin intermediul Institutului Na\u021bional al Patrimoniului. Casa a fost deschis\u0103 ca muzeu p\u00e2n\u0103 \u00een anul 1990, iar apoi a fost l\u0103sat\u0103 \u00een paragin\u0103 \u0219i a \u00eenceput s\u0103 se deterioreze treptat. Renovarea \u0219i transformarea \u00een muzeu a acestei cl\u0103diri de valoare istoric\u0103 \u0219i cultural\u0103 reprezint\u0103 un pas important pentru conservarea \u0219i promovarea patrimoniului cultural rom\u00e2nesc.<\/p>\n<p><\/p>\n<div class=\"video-container\">\n    <iframe class=\"video\" src=\"https:\/\/www.youtube.com\/embed\/Tg-uhMlg_k0\" allowfullscreen><\/iframe>\n<\/div>\n<p><i>Video &#8220;INTERVIUL ZILEI \u2013 CASA MACEDONSKI VA FI RENOVAT\u0102\u201d a fost \u00eenc\u0103rcat pe 23\/11\/2024 pe canalul YouTube <a href=\"https:\/\/www.youtube.com\/channel\/UCr0bjXDk71i5-47jNml1zEw\" target=\"_blank\"> TVR Craiova <\/a><\/i><\/p>\n","protected":false},"excerpt":{"rendered":"<p>Casa memorial\u0103 a poetului Alexandru Macedonski, situat\u0103 \u00een comuna Goie\u0219ti, jude\u021bul Dolj, va fi renovat\u0103 \u0219i transformat\u0103 \u00eentr-un muzeu. Cl\u0103direa \u00een care marele poet \u0219i-a petrecut copil\u0103ria va fi reabilitat\u0103 cu finan\u021bare de la Ministerul Culturii, prin&#8230;<\/p>\n","protected":false},"author":87,"featured_media":96297,"comment_status":"","ping_status":"open","sticky":false,"template":"","format":"standard","meta":{"footnotes":""},"categories":[8158],"tags":[58814,58819,2353,61201],"class_list":{"0":"post-96296","1":"post","2":"type-post","3":"status-publish","4":"format-standard","5":"has-post-thumbnail","7":"category-stiri","8":"tag-craiova","9":"tag-interviul-zilei","10":"tag-muzeu","11":"tag-renovare"},"_links":{"self":[{"href":"https:\/\/hadnews.com\/ro\/wp-json\/wp\/v2\/posts\/96296","targetHints":{"allow":["GET"]}}],"collection":[{"href":"https:\/\/hadnews.com\/ro\/wp-json\/wp\/v2\/posts"}],"about":[{"href":"https:\/\/hadnews.com\/ro\/wp-json\/wp\/v2\/types\/post"}],"author":[{"embeddable":true,"href":"https:\/\/hadnews.com\/ro\/wp-json\/wp\/v2\/users\/87"}],"replies":[{"embeddable":true,"href":"https:\/\/hadnews.com\/ro\/wp-json\/wp\/v2\/comments?post=96296"}],"version-history":[{"count":0,"href":"https:\/\/hadnews.com\/ro\/wp-json\/wp\/v2\/posts\/96296\/revisions"}],"wp:featuredmedia":[{"embeddable":true,"href":"https:\/\/hadnews.com\/ro\/wp-json\/wp\/v2\/media\/96297"}],"wp:attachment":[{"href":"https:\/\/hadnews.com\/ro\/wp-json\/wp\/v2\/media?parent=96296"}],"wp:term":[{"taxonomy":"category","embeddable":true,"href":"https:\/\/hadnews.com\/ro\/wp-json\/wp\/v2\/categories?post=96296"},{"taxonomy":"post_tag","embeddable":true,"href":"https:\/\/hadnews.com\/ro\/wp-json\/wp\/v2\/tags?post=96296"}],"curies":[{"name":"wp","href":"https:\/\/api.w.org\/{rel}","templated":true}]}}