{"id":97513,"date":"2024-11-28T13:45:10","date_gmt":"2024-11-28T11:45:10","guid":{"rendered":"https:\/\/hadnews.com\/ro\/dancing-with-paula-seling\/"},"modified":"2024-11-28T13:45:10","modified_gmt":"2024-11-28T11:45:10","slug":"dancing-with-paula-seling","status":"publish","type":"post","link":"https:\/\/hadnews.com\/ro\/dancing-with-paula-seling\/","title":{"rendered":"Dancing with Paula Seling"},"content":{"rendered":"<p>Concertul caritabil &#8220;COLINDAR CU PAULA SELING&#8221; a adus magia Cr\u0103ciunului \u00een inima craiovenilor, care au umplut sala Filarmonicii Oltenia Craiova pentru a fi al\u0103turi de indr\u0103gita artist\u0103. Paula Seling, cunoscut\u0103 interpret\u0103 \u0219i compozitoare, a revenit \u00een ora\u0219ul natal cu un proiect de suflet, ajuns la a XV-a edi\u021bie.<\/p>\n<p>Evenimentul organizat de Asocia\u021bia &#8220;Vasiliada&#8221; a adus \u00eempreun\u0103 publicul iubitor de colinde \u0219i arti\u0219tii talenta\u021bi din ora\u0219. Soprana Mihaela Leonte a deschis cu emo\u021bie concertul caritabil cu colinde tradi\u021bionale, bucur\u00e2nd inimile tuturor celor prezen\u021bi.<\/p>\n<p>Scopul acestui eveniment anual este de a \u00eencuraja faptele bune \u0219i generozitatea, oferind bucurie \u0219i speran\u021b\u0103 celor afla\u021bi \u00een nevoie. Paula Seling a fost sus\u021binut\u0103 de eleva talentat\u0103 Anastasia Boroata, precum \u0219i de corurile Ierofonia \u0219i Magnus Medis, care au f\u0103cut spectacol pe scena Filarmonicii.<\/p>\n<p>Vedeta a impresionat publicul cu vocea sa inconfundabil\u0103 \u0219i a transmis emo\u021bie \u00een fiecare colind interpretat. Momentele de maxim\u0103 emo\u021bie au fost cele \u00een care Paula Seling a c\u00e2ntat al\u0103turi de copiii din Corul &#8220;Anghelos&#8221;, aduc\u00e2nd un strop de magie \u0219i lumin\u0103 \u00een inimile tuturor celor prezen\u021bi.<\/p>\n<p>Concertul &#8220;COLINDAR CU PAULA SELING&#8221; a fost un succes \u0219i un prilej de a aduce un z\u00e2mbet pe chipurile celor prezen\u021bi, fiind un eveniment care aduce comunitatea \u00eempreun\u0103 pentru a face bine.<\/p>\n<p><\/p>\n<div class=\"video-container\">\n    <iframe class=\"video\" src=\"https:\/\/www.youtube.com\/embed\/7LVSS6wj-7w\" allowfullscreen><\/iframe>\n<\/div>\n<p><i>Video &#8220;COLINDAR CU  PAULA SELING\u201d a fost \u00eenc\u0103rcat pe 28\/11\/2024 pe canalul YouTube <a href=\"https:\/\/www.youtube.com\/channel\/UCr0bjXDk71i5-47jNml1zEw\" target=\"_blank\"> TVR Craiova <\/a><\/i><\/p>\n","protected":false},"excerpt":{"rendered":"<p>Concertul caritabil &#8220;COLINDAR CU PAULA SELING&#8221; a adus magia Cr\u0103ciunului \u00een inima craiovenilor, care au umplut sala Filarmonicii Oltenia Craiova pentru a fi al\u0103turi de indr\u0103gita artist\u0103. Paula Seling, cunoscut\u0103 interpret\u0103 \u0219i compozitoare, a revenit&#8230;<\/p>\n","protected":false},"author":87,"featured_media":97514,"comment_status":"","ping_status":"open","sticky":false,"template":"","format":"standard","meta":{"footnotes":""},"categories":[8158],"tags":[3658,58814],"class_list":{"0":"post-97513","1":"post","2":"type-post","3":"status-publish","4":"format-standard","5":"has-post-thumbnail","7":"category-stiri","8":"tag-concert","9":"tag-craiova"},"_links":{"self":[{"href":"https:\/\/hadnews.com\/ro\/wp-json\/wp\/v2\/posts\/97513","targetHints":{"allow":["GET"]}}],"collection":[{"href":"https:\/\/hadnews.com\/ro\/wp-json\/wp\/v2\/posts"}],"about":[{"href":"https:\/\/hadnews.com\/ro\/wp-json\/wp\/v2\/types\/post"}],"author":[{"embeddable":true,"href":"https:\/\/hadnews.com\/ro\/wp-json\/wp\/v2\/users\/87"}],"replies":[{"embeddable":true,"href":"https:\/\/hadnews.com\/ro\/wp-json\/wp\/v2\/comments?post=97513"}],"version-history":[{"count":0,"href":"https:\/\/hadnews.com\/ro\/wp-json\/wp\/v2\/posts\/97513\/revisions"}],"wp:featuredmedia":[{"embeddable":true,"href":"https:\/\/hadnews.com\/ro\/wp-json\/wp\/v2\/media\/97514"}],"wp:attachment":[{"href":"https:\/\/hadnews.com\/ro\/wp-json\/wp\/v2\/media?parent=97513"}],"wp:term":[{"taxonomy":"category","embeddable":true,"href":"https:\/\/hadnews.com\/ro\/wp-json\/wp\/v2\/categories?post=97513"},{"taxonomy":"post_tag","embeddable":true,"href":"https:\/\/hadnews.com\/ro\/wp-json\/wp\/v2\/tags?post=97513"}],"curies":[{"name":"wp","href":"https:\/\/api.w.org\/{rel}","templated":true}]}}