{"id":98164,"date":"2024-11-30T22:52:10","date_gmt":"2024-11-30T20:52:10","guid":{"rendered":"https:\/\/hadnews.com\/ro\/craiova-gastronomic-capital-of-eastern-europe\/"},"modified":"2024-11-30T22:52:10","modified_gmt":"2024-11-30T20:52:10","slug":"craiova-gastronomic-capital-of-eastern-europe","status":"publish","type":"post","link":"https:\/\/hadnews.com\/ro\/craiova-gastronomic-capital-of-eastern-europe\/","title":{"rendered":"CRAIOVA &#8211; GASTRONOMIC CAPITAL OF EASTERN EUROPE"},"content":{"rendered":"<p>Craiova devine capitala gastronomic\u0103 est-european\u0103, g\u0103zduind \u201eFestivalul de vinuri \u0219i m\u00e2nc\u0103ruri\u201d, un eveniment care aduce laolalt\u0103 chefi \u0219i speciali\u0219ti \u00een gastronomii din 11 \u021b\u0103ri din Estul Europei. Proiectul, organizat \u00een premier\u0103, \u00ee\u0219i propune s\u0103 ofere dou\u0103 zile de socializare \u0219i degust\u0103ri pentru iubitorii de m\u00e2ncare \u0219i vinuri, toate acestea sub \u00eendrumarea unor exper\u021bi interna\u021bionali \u00een domeniu.<\/p>\n<p>Participan\u021bii la acest eveniment vor avea ocazia s\u0103 descopere arome \u0219i gusturi specifice buc\u0103t\u0103riilor din diverse \u021b\u0103ri est-europene, precum \u0219i s\u0103 \u00ee\u0219i \u00eembog\u0103\u021beasc\u0103 experien\u021ba culinar\u0103 printr-o serie de demonstra\u021bii \u0219i degust\u0103ri oferite de profesioni\u0219tii din domeniu. Atmosfera va fi completat\u0103 de prezen\u021ba unor chefi renumi\u021bi \u0219i speciali\u0219ti care vor \u00eemp\u0103rt\u0103\u0219i secretele gastronomiei est-europene.<\/p>\n<p>Astfel, prin intermediul acestui festival, Craiova se transform\u0103 \u00eentr-un loc \u00een care gastronomia devine art\u0103, iar m\u00e2ncarea \u0219i vinurile devin o adev\u0103rat\u0103 surs\u0103 de descoperire \u0219i pl\u0103cere pentru to\u021bi vizitatorii. Evenimentul promite s\u0103 ofere o experien\u021b\u0103 senzorial\u0103 de neuitat, demonstr\u00e2nd \u00eenc\u0103 o dat\u0103 c\u0103 ora\u0219ul este un punct de reper important pe harta gastronomiei est-europene.<\/p>\n<p><\/p>\n<div class=\"video-container\">\n    <iframe class=\"video\" src=\"https:\/\/www.youtube.com\/embed\/qlhP3NItljs\" allowfullscreen><\/iframe>\n<\/div>\n<p><i>Video &#8220;\u201cCRAIOVA \u2013 CAPITALA GASTRONOMIC\u0102 EST-EUROPEAN\u0102\u201d\u201d a fost \u00eenc\u0103rcat pe 30\/11\/2024 pe canalul YouTube <a href=\"https:\/\/www.youtube.com\/channel\/UCr0bjXDk71i5-47jNml1zEw\" target=\"_blank\"> TVR Craiova <\/a><\/i><\/p>\n","protected":false},"excerpt":{"rendered":"<p>Craiova devine capitala gastronomic\u0103 est-european\u0103, g\u0103zduind \u201eFestivalul de vinuri \u0219i m\u00e2nc\u0103ruri\u201d, un eveniment care aduce laolalt\u0103 chefi \u0219i speciali\u0219ti \u00een gastronomii din 11 \u021b\u0103ri din Estul Europei. Proiectul, organizat \u00een premier\u0103, \u00ee\u0219i propune s\u0103 ofere dou\u0103&#8230;<\/p>\n","protected":false},"author":87,"featured_media":98165,"comment_status":"","ping_status":"open","sticky":false,"template":"","format":"standard","meta":{"footnotes":""},"categories":[8158],"tags":[58814,59800],"class_list":{"0":"post-98164","1":"post","2":"type-post","3":"status-publish","4":"format-standard","5":"has-post-thumbnail","7":"category-stiri","8":"tag-craiova","9":"tag-specialisti"},"_links":{"self":[{"href":"https:\/\/hadnews.com\/ro\/wp-json\/wp\/v2\/posts\/98164","targetHints":{"allow":["GET"]}}],"collection":[{"href":"https:\/\/hadnews.com\/ro\/wp-json\/wp\/v2\/posts"}],"about":[{"href":"https:\/\/hadnews.com\/ro\/wp-json\/wp\/v2\/types\/post"}],"author":[{"embeddable":true,"href":"https:\/\/hadnews.com\/ro\/wp-json\/wp\/v2\/users\/87"}],"replies":[{"embeddable":true,"href":"https:\/\/hadnews.com\/ro\/wp-json\/wp\/v2\/comments?post=98164"}],"version-history":[{"count":0,"href":"https:\/\/hadnews.com\/ro\/wp-json\/wp\/v2\/posts\/98164\/revisions"}],"wp:featuredmedia":[{"embeddable":true,"href":"https:\/\/hadnews.com\/ro\/wp-json\/wp\/v2\/media\/98165"}],"wp:attachment":[{"href":"https:\/\/hadnews.com\/ro\/wp-json\/wp\/v2\/media?parent=98164"}],"wp:term":[{"taxonomy":"category","embeddable":true,"href":"https:\/\/hadnews.com\/ro\/wp-json\/wp\/v2\/categories?post=98164"},{"taxonomy":"post_tag","embeddable":true,"href":"https:\/\/hadnews.com\/ro\/wp-json\/wp\/v2\/tags?post=98164"}],"curies":[{"name":"wp","href":"https:\/\/api.w.org\/{rel}","templated":true}]}}