{"id":98438,"date":"2024-12-02T02:32:12","date_gmt":"2024-12-02T00:32:12","guid":{"rendered":"https:\/\/hadnews.com\/ro\/ilie-bolojan-pnl-to-support-state-and-political-reform\/"},"modified":"2024-12-02T02:32:12","modified_gmt":"2024-12-02T00:32:12","slug":"ilie-bolojan-pnl-to-support-state-and-political-reform","status":"publish","type":"post","link":"https:\/\/hadnews.com\/ro\/ilie-bolojan-pnl-to-support-state-and-political-reform\/","title":{"rendered":"Ilie Bolojan: PNL to Support State and Political Reform"},"content":{"rendered":"<p>Ilie Bolojan, pre\u0219edintele interimar al PNL a f\u0103cut primele declara\u021bii dup\u0103 sondajul exit-poll CURS care arat\u0103 c\u0103 liberalii au ob\u021binut peste 15% din voturi la alegerile parlamentare. Acesta spune c\u0103 PNL va sus\u021bine \u00een continuare proiectele anun\u021bate \u00een cursul s\u0103pt\u0103m\u00e2nii trecute.<\/p>\n<p>Este clar c\u0103 rezultatele ob\u021binute de PNL la alegeri sunt un impuls pentru partid \u0219i pentru Ilie Bolojan personal, care a preluat conducerea interimar\u0103 a PNL dup\u0103 demisia lui Ludovic Orban. Cu un procentaj de voturi peste a\u0219tept\u0103ri, liberalii sunt hot\u0103r\u00e2\u021bi s\u0103 continue reforma statului \u0219i a lumii politice, a\u0219a cum a declarat Bolojan \u00eentr-un interviu acordat \u00een urma sondajului CURS.<\/p>\n<p>Este de a\u0219teptat ca PNL s\u0103 adopte o abordare activ\u0103 \u0219i constructiv\u0103 \u00een ceea ce prive\u0219te guvernarea, pun\u00e2nd accent pe reformele necesare pentru modernizarea statului \u0219i a vie\u021bii politice. Dup\u0103 un rezultat solid la alegeri, liberalii par hot\u0103r\u00e2\u021bi s\u0103 \u00ee\u0219i asume responsabilitatea pentru viitorul \u021b\u0103rii \u0219i s\u0103 aduc\u0103 schimb\u0103rile promis\u0103 \u00een programul lor electoral.<\/p>\n<p>Este important de urm\u0103rit evolu\u021bia partidelor politice \u0219i reac\u021biile acestora \u00een urma alegerilor, \u00eentruc\u00e2t deciziile pe care le vor lua \u00een urm\u0103toarea perioad\u0103 vor avea un impact major asupra direc\u021biei \u00een care se va \u00eendrepta Rom\u00e2nia.<\/p>\n<p><\/p>\n<div class=\"video-container\">\n    <iframe class=\"video\" src=\"https:\/\/www.youtube.com\/embed\/XBB_t-jUuXc\" allowfullscreen><\/iframe>\n<\/div>\n<p><i>Video &#8220;Ilie Bolojan: PNL va sus\u021bine reforma statului \u0219i reforma lumii politice\u201d a fost \u00eenc\u0103rcat pe 01\/12\/2024 pe canalul YouTube <a href=\"https:\/\/www.youtube.com\/channel\/UCbATDExtWstHnwWELZnXNZA\" target=\"_blank\"> Euronews Romania <\/a><\/i><\/p>\n","protected":false},"excerpt":{"rendered":"<p>Ilie Bolojan, pre\u0219edintele interimar al PNL a f\u0103cut primele declara\u021bii dup\u0103 sondajul exit-poll CURS care arat\u0103 c\u0103 liberalii au ob\u021binut peste 15% din voturi la alegerile parlamentare. Acesta spune c\u0103 PNL va sus\u021bine \u00een continuare proiectele anun\u021bate \u00een cursul&#8230;<\/p>\n","protected":false},"author":84,"featured_media":98439,"comment_status":"","ping_status":"open","sticky":false,"template":"","format":"standard","meta":{"footnotes":""},"categories":[8158],"tags":[62553],"class_list":{"0":"post-98438","1":"post","2":"type-post","3":"status-publish","4":"format-standard","5":"has-post-thumbnail","7":"category-stiri","8":"tag-pnl"},"_links":{"self":[{"href":"https:\/\/hadnews.com\/ro\/wp-json\/wp\/v2\/posts\/98438","targetHints":{"allow":["GET"]}}],"collection":[{"href":"https:\/\/hadnews.com\/ro\/wp-json\/wp\/v2\/posts"}],"about":[{"href":"https:\/\/hadnews.com\/ro\/wp-json\/wp\/v2\/types\/post"}],"author":[{"embeddable":true,"href":"https:\/\/hadnews.com\/ro\/wp-json\/wp\/v2\/users\/84"}],"replies":[{"embeddable":true,"href":"https:\/\/hadnews.com\/ro\/wp-json\/wp\/v2\/comments?post=98438"}],"version-history":[{"count":0,"href":"https:\/\/hadnews.com\/ro\/wp-json\/wp\/v2\/posts\/98438\/revisions"}],"wp:featuredmedia":[{"embeddable":true,"href":"https:\/\/hadnews.com\/ro\/wp-json\/wp\/v2\/media\/98439"}],"wp:attachment":[{"href":"https:\/\/hadnews.com\/ro\/wp-json\/wp\/v2\/media?parent=98438"}],"wp:term":[{"taxonomy":"category","embeddable":true,"href":"https:\/\/hadnews.com\/ro\/wp-json\/wp\/v2\/categories?post=98438"},{"taxonomy":"post_tag","embeddable":true,"href":"https:\/\/hadnews.com\/ro\/wp-json\/wp\/v2\/tags?post=98438"}],"curies":[{"name":"wp","href":"https:\/\/api.w.org\/{rel}","templated":true}]}}