{"id":99008,"date":"2024-12-03T22:03:15","date_gmt":"2024-12-03T20:03:15","guid":{"rendered":"https:\/\/hadnews.com\/ro\/interview-of-the-day-december-at-the-museum\/"},"modified":"2024-12-03T22:03:15","modified_gmt":"2024-12-03T20:03:15","slug":"interview-of-the-day-december-at-the-museum","status":"publish","type":"post","link":"https:\/\/hadnews.com\/ro\/interview-of-the-day-december-at-the-museum\/","title":{"rendered":"Interview of the Day &#8211; &#8220;December at the Museum&#8221;"},"content":{"rendered":"<p>Muzeul C\u0103r\u021bii \u0219i Exilului Rom\u00e2nesc v\u0103 invit\u0103 s\u0103 lua\u021bi parte la atelierele dedicate copiilor organizate \u00een luna decembrie sub titlul \u201eUn altfel de decembrie la muzeu\u201d. Copiii cu v\u00e2rste cuprinse \u00eentre 5 \u0219i 12 ani sunt a\u0219tepta\u021bi la muzeu, unde vor putea participa la diferite activit\u0103\u021bi menite s\u0103 le stimuleze creativitatea \u0219i s\u0103 le dezvolte abilit\u0103\u021bile sociale prin intermediul unor activit\u0103\u021bi culturale interactive.<\/p>\n<p>\u00cen cadrul acestor ateliere, copiii vor avea oportunitatea de a \u00eenv\u0103\u021ba lucruri noi, de a se distra \u0219i de a socializa cu al\u021bi copii de v\u00e2rsta lor. Activit\u0103\u021bile propuse vor fi adaptate la nevoile \u0219i interesele specifice ale fiec\u0103rui grup de v\u00e2rst\u0103, iar scopul principal este de a oferi copiilor o experien\u021b\u0103 educa\u021bional\u0103 plin\u0103 de bucurie \u0219i creativitate.<\/p>\n<p>Pentru a afla mai multe despre aceste ateliere \u0219i despre modul \u00een care acestea pot contribui la dezvoltarea copiilor dumneavoastr\u0103, v\u0103 invit\u0103m s\u0103 urm\u0103ri\u021bi interviul acordat de Elena Gogonea, cercet\u0103tor la Muzeul C\u0103r\u021bii \u0219i Exilului Rom\u00e2nesc, \u00een cadrul rubricii \u201eInterviul Zilei\u201d.<\/p>\n<p>Nu rata\u021bi ocazia de a oferi copiilor dumneavoastr\u0103 o experien\u021b\u0103 educativ\u0103 unic\u0103 \u0219i plin\u0103 de surprize la Muzeul C\u0103r\u021bii \u0219i Exilului Rom\u00e2nesc \u00een luna decembrie!<\/p>\n<p><\/p>\n<div class=\"video-container\">\n    <iframe class=\"video\" src=\"https:\/\/www.youtube.com\/embed\/jXCpjsAN28k\" allowfullscreen><\/iframe>\n<\/div>\n<p><i>Video &#8220;INTERVIUL ZILEI \u2013 \u201dDECEMBRIE LA MUZEU\u201d\u201d a fost \u00eenc\u0103rcat pe 03\/12\/2024 pe canalul YouTube <a href=\"https:\/\/www.youtube.com\/channel\/UCr0bjXDk71i5-47jNml1zEw\" target=\"_blank\"> TVR Craiova <\/a><\/i><\/p>\n","protected":false},"excerpt":{"rendered":"<p>Muzeul C\u0103r\u021bii \u0219i Exilului Rom\u00e2nesc v\u0103 invit\u0103 s\u0103 lua\u021bi parte la atelierele dedicate copiilor organizate \u00een luna decembrie sub titlul \u201eUn altfel de decembrie la muzeu\u201d. Copiii cu v\u00e2rste cuprinse \u00eentre 5 \u0219i 12 ani sunt a\u0219tepta\u021bi la muzeu, unde vor putea participa&#8230;<\/p>\n","protected":false},"author":87,"featured_media":99009,"comment_status":"","ping_status":"open","sticky":false,"template":"","format":"standard","meta":{"footnotes":""},"categories":[8158],"tags":[58814,25446],"class_list":{"0":"post-99008","1":"post","2":"type-post","3":"status-publish","4":"format-standard","5":"has-post-thumbnail","7":"category-stiri","8":"tag-craiova","9":"tag-creativitate"},"_links":{"self":[{"href":"https:\/\/hadnews.com\/ro\/wp-json\/wp\/v2\/posts\/99008","targetHints":{"allow":["GET"]}}],"collection":[{"href":"https:\/\/hadnews.com\/ro\/wp-json\/wp\/v2\/posts"}],"about":[{"href":"https:\/\/hadnews.com\/ro\/wp-json\/wp\/v2\/types\/post"}],"author":[{"embeddable":true,"href":"https:\/\/hadnews.com\/ro\/wp-json\/wp\/v2\/users\/87"}],"replies":[{"embeddable":true,"href":"https:\/\/hadnews.com\/ro\/wp-json\/wp\/v2\/comments?post=99008"}],"version-history":[{"count":0,"href":"https:\/\/hadnews.com\/ro\/wp-json\/wp\/v2\/posts\/99008\/revisions"}],"wp:featuredmedia":[{"embeddable":true,"href":"https:\/\/hadnews.com\/ro\/wp-json\/wp\/v2\/media\/99009"}],"wp:attachment":[{"href":"https:\/\/hadnews.com\/ro\/wp-json\/wp\/v2\/media?parent=99008"}],"wp:term":[{"taxonomy":"category","embeddable":true,"href":"https:\/\/hadnews.com\/ro\/wp-json\/wp\/v2\/categories?post=99008"},{"taxonomy":"post_tag","embeddable":true,"href":"https:\/\/hadnews.com\/ro\/wp-json\/wp\/v2\/tags?post=99008"}],"curies":[{"name":"wp","href":"https:\/\/api.w.org\/{rel}","templated":true}]}}